{"id":13609,"date":"2020-03-24T21:10:45","date_gmt":"2020-03-25T00:10:45","guid":{"rendered":"https:\/\/blogs2.correiobraziliense.com.br\/vicente\/?p=13609"},"modified":"2020-03-24T22:01:18","modified_gmt":"2020-03-25T01:01:18","slug":"para-autoridades-bolsonaro-passou-de-todos-os-limites-da-responsabilidade","status":"publish","type":"post","link":"https:\/\/blogs2.correiobraziliense.com.br\/vicente\/para-autoridades-bolsonaro-passou-de-todos-os-limites-da-responsabilidade\/","title":{"rendered":"Para autoridades, Bolsonaro passou de todos os limites da responsabilidade"},"content":{"rendered":"<h2>Autoridades do Legislativo e do Judici\u00e1rio viram com perplexidade o pronunciamento do presidente Jair Bolsonaro em cadeia nacional de r\u00e1dio e tev\u00ea. A decis\u00e3o do chefe do Executivo de ir contra todas as a\u00e7\u00f5es recomendadas pelo Organiza\u00e7\u00e3o Mundial de Sa\u00fade (OMS) para conter a pandemia do novo coronav\u00edrus foi classificada como irrespons\u00e1vel, colocando em risco o sistema de sa\u00fade do pa\u00eds.<\/h2>\n<p>&nbsp;<\/p>\n<p>Em nota, o presidente e o vice-presidente do Senado, Davi Alcolumbre e Ant\u00f4nio Anastasia, foram enf\u00e1ticos: &#8220;Neste momento grave, o pa\u00eds precisa de uma lideran\u00e7a s\u00e9ria, respons\u00e1vel e comprometida com a vida e a sa\u00fade da sua popula\u00e7\u00e3o. Consideramos grave a posi\u00e7\u00e3o externada pelo presidente da Rep\u00fablica hoje, em cadeia nacional, de ataque \u00e0s medidas de conten\u00e7\u00e3o ao Covid-19&#8221;<\/p>\n<p>&nbsp;<\/p>\n<p>Para os dois senadores, a posi\u00e7\u00e3o de Bolsonaro, que insiste em classificar a Covid-19 como &#8220;gripezinha&#8221; e &#8220;resfriadinho&#8221;, est\u00e1 na contram\u00e3o das a\u00e7\u00f5es\u00a0adotadas em outros pa\u00edses, onde o n\u00famero de mortes n\u00e3o para de aumentar. Eles tamb\u00e9m criticaram os ataques feitos pelo presidente \u00e0 imprensa e a governadores e prefeitos que t\u00eam agido para tentar conter a pandemia.<\/p>\n<p>&nbsp;<\/p>\n<p>&#8220;Reafirmamos e insistimos: n\u00e3o \u00e9 momento de ataque \u00e0 imprensa e a outros gestores p\u00fablicos. \u00c9 momento de uni\u00e3o, de serenidade e equil\u00edbrio, de ouvir os t\u00e9cnicos e\u00a0profissionais da \u00e1rea para que sejam adotadas as precau\u00e7\u00f5es e cautelas necess\u00e1rias para o controle da situa\u00e7\u00e3o, antes que seja tarde demais&#8221;, frisaram os senadores.<\/p>\n<p>&nbsp;<\/p>\n<p><strong>Perplexidade<\/strong><\/p>\n<p>&nbsp;<\/p>\n<p>No pronunciamento, Bolsonaro disse que \u00e9 hora de acabar com o confinamento de pessoas, que entenderam a import\u00e2ncia de ficar em casa para evitar a dissemina\u00e7\u00e3o do novo coronav\u00edrus. O presidente pregou a reabertura de escolas e com\u00e9rcio, pois \u00e9 importante preservar a economia e os empregos.<\/p>\n<p>&nbsp;<\/p>\n<p>&#8220;A na\u00e7\u00e3o espera do l\u00edder do Executivo, mais do que nunca, transpar\u00eancia, seriedade\u00a0e responsabilidade. O Congresso continuar\u00e1 atuante e atento para colaborar no que for necess\u00e1rio para a supera\u00e7\u00e3o desta crise&#8221;, destacaram os senadores. A presidente da Comiss\u00e3o de Constitui\u00e7\u00e3o e Justi\u00e7a do Senado, senadora Simone Tebet, se disse &#8220;perplexa&#8221; com o pronunciamento de Bolsonaro.<\/p>\n<p>&nbsp;<\/p>\n<p>Para o presidente da Ordem dos Advogados do Brasil (OAB), Felipe Santa Cruz, \u00e9 inaceit\u00e1vel que o presidente da Rep\u00fablica questione todos os fundamentos da ci\u00eancia para insuflar a popula\u00e7\u00e3o a desrespeitar as medidas de combate \u00e0 Covid-19. &#8220;Entre a ignor\u00e2ncia e a ci\u00eancia, n\u00e3o hesite. N\u00e3o quebre a quarentena por conta deste que ser\u00e1 reconhecido como um dos pronunciamentos pol\u00edticos mais desonestos da hist\u00f3ria&#8221;, frisou em uma rede social.<\/p>\n<p>&nbsp;<\/p>\n<p>Na avalia\u00e7\u00e3o do senador Jos\u00e9 Serra, &#8220;o pronunciamento do presidente Bolsonaro foi na contram\u00e3o do mundo e da realidade apresentada pelo seu Minist\u00e9rio da Sa\u00fade: j\u00e1 s\u00e3o mais de 2.200 casos confirmados de coronav\u00edrus no Brasil e 46 mortes, sendo 40 no estado de S\u00e3o Paulo&#8221;, destacou.<\/p>\n<p>&nbsp;<\/p>\n<p>Para Serra, o pa\u00eds est\u00e1 no meio a uma pandemia que n\u00e3o deve minimizada. &#8220;\u00c9 preciso reconhecer \u00a0que a economia n\u00e3o vai se recuperar de forma imediata e que \u00e9 preciso fortalecer o SUS, mediante a operacionaliza\u00e7\u00e3o de um fundo que disponha dos recursos e da agilidade necess\u00e1rios ao combate \u00e0s consequ\u00eancias do coronav\u00edrus&#8221;, afirmou.<\/p>\n<p>&nbsp;<\/p>\n<p><em>Bras\u00edlia, 21h10min<\/em><\/p>\n","protected":false},"excerpt":{"rendered":"<p>Autoridades do Legislativo e do Judici\u00e1rio viram com perplexidade o pronunciamento do presidente Jair Bolsonaro em cadeia nacional de r\u00e1dio e tev\u00ea. A decis\u00e3o do chefe do Executivo de ir contra todas as a\u00e7\u00f5es recomendadas pelo Organiza\u00e7\u00e3o Mundial de Sa\u00fade (OMS) para conter a pandemia do novo coronav\u00edrus foi classificada como irrespons\u00e1vel, colocando em risco [&hellip;]<\/p>\n","protected":false},"author":22,"featured_media":10126,"comment_status":"open","ping_status":"closed","sticky":false,"template":"","format":"standard","meta":{"wpb_read_more":[],"footnotes":""},"categories":[600],"tags":[2554,179,4544,2652,4542,4543],"class_list":["post-13609","post","type-post","status-publish","format-standard","has-post-thumbnail","hentry","category-economia","tag-bolsonaro","tag-crise","tag-irresponsabilidade","tag-presidente","tag-pronunciamento","tag-teve"],"_links":{"self":[{"href":"https:\/\/blogs2.correiobraziliense.com.br\/vicente\/wp-json\/wp\/v2\/posts\/13609","targetHints":{"allow":["GET"]}}],"collection":[{"href":"https:\/\/blogs2.correiobraziliense.com.br\/vicente\/wp-json\/wp\/v2\/posts"}],"about":[{"href":"https:\/\/blogs2.correiobraziliense.com.br\/vicente\/wp-json\/wp\/v2\/types\/post"}],"author":[{"embeddable":true,"href":"https:\/\/blogs2.correiobraziliense.com.br\/vicente\/wp-json\/wp\/v2\/users\/22"}],"replies":[{"embeddable":true,"href":"https:\/\/blogs2.correiobraziliense.com.br\/vicente\/wp-json\/wp\/v2\/comments?post=13609"}],"version-history":[{"count":7,"href":"https:\/\/blogs2.correiobraziliense.com.br\/vicente\/wp-json\/wp\/v2\/posts\/13609\/revisions"}],"predecessor-version":[{"id":13619,"href":"https:\/\/blogs2.correiobraziliense.com.br\/vicente\/wp-json\/wp\/v2\/posts\/13609\/revisions\/13619"}],"wp:featuredmedia":[{"embeddable":true,"href":"https:\/\/blogs2.correiobraziliense.com.br\/vicente\/wp-json\/wp\/v2\/media\/10126"}],"wp:attachment":[{"href":"https:\/\/blogs2.correiobraziliense.com.br\/vicente\/wp-json\/wp\/v2\/media?parent=13609"}],"wp:term":[{"taxonomy":"category","embeddable":true,"href":"https:\/\/blogs2.correiobraziliense.com.br\/vicente\/wp-json\/wp\/v2\/categories?post=13609"},{"taxonomy":"post_tag","embeddable":true,"href":"https:\/\/blogs2.correiobraziliense.com.br\/vicente\/wp-json\/wp\/v2\/tags?post=13609"}],"curies":[{"name":"wp","href":"https:\/\/api.w.org\/{rel}","templated":true}]}}