{"id":13645,"date":"2020-03-25T16:35:05","date_gmt":"2020-03-25T19:35:05","guid":{"rendered":"https:\/\/blogs2.correiobraziliense.com.br\/vicente\/?p=13645"},"modified":"2020-03-25T19:51:41","modified_gmt":"2020-03-25T22:51:41","slug":"governo-precisa-gastar-para-evitar-recessao-ate-2021-diz-marcio-holland","status":"publish","type":"post","link":"https:\/\/blogs2.correiobraziliense.com.br\/vicente\/governo-precisa-gastar-para-evitar-recessao-ate-2021-diz-marcio-holland\/","title":{"rendered":"Governo precisa gastar para evitar recess\u00e3o at\u00e9 2021, diz M\u00e1rcio Holland"},"content":{"rendered":"<p><span style=\"font-weight: 400\">ROSANA HESSEL<\/span><\/p>\n<p>&nbsp;<\/p>\n<p><span style=\"font-weight: 400\">O conjunto de medidas que a equipe econ\u00f4mica e o Banco Central anunciaram at\u00e9 o momento tem efeitos limitados diante da profunda desorganiza\u00e7\u00e3o na cadeia de produ\u00e7\u00e3o global em virtude da pandemia de Covid-19, provocada pelo novo coronav\u00edrus. A avalia\u00e7\u00e3o \u00e9 do economista e professor da Funda\u00e7\u00e3o Getulio Vargas de S\u00e3o Paulo (FGV-SP) M\u00e1rcio Holland. &#8220;N\u00e3o tendo medidas \u00e0 altura para minimizar esta crise, poderemos certamente ter um quadro de recess\u00e3o no ano que vem tamb\u00e9m\u201d, afirmou ele, em entrevista ao <strong>Blog<\/strong>.<\/span><\/p>\n<p>&nbsp;<\/p>\n<p><span style=\"font-weight: 400\">O importante, no entender do professor da FGV, n\u00e3o \u00e9 preservar a solidez fiscal ou zelar pela estabilidade monet\u00e1ria e a solidez do sistema financeiro. Ele sugere um aumento de gastos p\u00fablicos em torno de R$ 375 bilh\u00f5es, ou seja, 5% do Produto Interno Bruto (PIB), para conter os estragos da crise atual, principalmente, focando nos empregos e no socorro a empresas. \u201cNovamente, estamos vivendo momentos extraordin\u00e1rios que requer decis\u00f5es n\u00e3o usuais. Esque\u00e7am as metas fiscais. Esque\u00e7am as metas de infla\u00e7\u00e3o. Elas n\u00e3o valem nessas circunst\u00e2ncias. Aumento de 5% do PIB na d\u00edvida p\u00fablica n\u00e3o devem mudar avalia\u00e7\u00f5es de solv\u00eancia fiscal, nem o rating soberano dos pa\u00edses no momento atual\u201d, sugeriu. A d\u00edvida p\u00fablica bruta encerrou 2019 em 76,1% do PIB.<\/span><\/p>\n<p>&nbsp;<\/p>\n<p><span style=\"font-weight: 400\">O ex-secret\u00e1rio de Pol\u00edtica Econ\u00f4mica do Minist\u00e9rio da Fazenda lembrou que as maiores economias do planeta est\u00e3o adotando medidas nesse sentido, com pacotes fiscais expressivos para socorrer os trabalhadores e as empresas. Para ele, o governo n\u00e3o pode ter medo de gastar, porque as consequ\u00eancias ser\u00e3o piores do que se imagina. \u201cNeste momento, o governo precisa olhar para os trabalhadores formais e informais e para as empresas que precisam sobreviver ao choque agudo que essa epidemia causou na economia. N\u00e3o d\u00e1 para deixar destruir os empregos\u201d, alertou. Ele prev\u00ea um aumento substancial no n\u00famero de desempregados e acredita que a previs\u00e3o da XP Investimentos, de que esse n\u00famero pode chegar 40 milh\u00f5es, precisa ser considerado.<\/span><\/p>\n<p>&nbsp;<\/p>\n<p><strong>Confinamento<\/strong><\/p>\n<p>&nbsp;<\/p>\n<p><span style=\"font-weight: 400\">Pelas proje\u00e7\u00f5es do Centro de Macroeconomia Aplicada (Cemap), da FGV-SP, divulgadas na semana passada, o Produto Interno Bruto (PIB) poder\u00e1 encolher at\u00e9 4,4% neste ano. Mas Holland alertou que esse cen\u00e1rio \u201cpoder\u00e1 ser pior se o confinamento das pessoas for por um per\u00edodo mais prolongado do que duas semanas\u201d. Para ele, a recess\u00e3o que est\u00e1 se formando dever\u00e1 se estender at\u00e9 2021 se o governo n\u00e3o adotar medidas mais contundentes.\u00a0\u00a0<\/span><\/p>\n<p>&nbsp;<\/p>\n<p><span style=\"font-weight: 400\">O conjunto de medidas do atual equipe econ\u00f4mica, na avalia\u00e7\u00e3o de Holland, tem baix\u00edssimo impacto or\u00e7ament\u00e1rio e muitas medidas s\u00e3o de remanejamento de despesas, como o adiantamento do 13\u00ba dos aposentados de agosto para abril e o diferimento de impostos. Pelas contas dele, n\u00e3o chegam a 1% do PIB e n\u00e3o s\u00e3o muito eficazes para a retomada da atividade. <\/span><\/p>\n<p>&nbsp;<\/p>\n<p><span style=\"font-weight: 400\">Ele le<\/span><span style=\"font-weight: 400\">mbrou que o<\/span><span style=\"font-weight: 400\">\u00a0o pacote de liquidez de R$ 1,2 trilh\u00e3o anunciado pelo Banco Central para o mercado de cr\u00e9dito tamb\u00e9m n\u00e3o tem efic\u00e1cia no momento, porque n\u00e3o h\u00e1 demanda por financiamentos. \u201cN\u00e3o \u00e9 hora de tomar empr\u00e9stimo. Muitas medidas n\u00e3o t\u00eam impacto fiscal ou n\u00e3o t\u00eam efic\u00e1cia no momento. As pessoas n\u00e3o v\u00e3o tomar recursos agora. Essas medidas est\u00e3o aqu\u00e9m do necess\u00e1rio para o impacto na economia\u201d, explicou.<\/span><\/p>\n<p>&nbsp;<\/p>\n<p>As propostas de Holland est\u00e3o em linha do que v\u00e1rios economistas defendem para a preserva\u00e7\u00e3o do bem-estar social dos brasileiros, como Monica de Bolle, do Petterson Institute for International Economics (PIIE), de Washington, e Arm\u00ednio Fraga, ex-presidente do Banco Central.<\/p>\n<p>&nbsp;<\/p>\n<p><strong>Bolsa Fam\u00edlia<\/strong><\/p>\n<p>&nbsp;<\/p>\n<p><span style=\"font-weight: 400\">Uma das sugest\u00f5es feitas pelo professor da FGV \u00e9 a extens\u00e3o do benef\u00edcio do Bolsa Fam\u00edlia para todos os benefici\u00e1rios inscritos no Cadastro \u00danico por 12 meses, ampliando o valor do benef\u00edcio para R$ 400 por m\u00eas\u00a0<\/span><span style=\"font-weight: 400\">e um programa de manuten\u00e7\u00e3o do emprego formal, suspendendo por 90 dias o pagamento de todos os tributos federais, incluindo contribui\u00e7\u00f5es previdenci\u00e1rias.\u00a0<\/span><\/p>\n<p>&nbsp;<\/p>\n<p><span style=\"font-weight: 400\">Outra proposta do ex-secret\u00e1rio \u00e9 o pagamento, por tr\u00eas meses, de um voucher de dois sal\u00e1rios m\u00ednimos (R$ 2.090) para os trabalhadores aut\u00f4nomos e informais, que, devido ao isolamento social, est\u00e3o temporariamente sem renda alguma.\u00a0 \u201cTrata-se de benef\u00edcios para brasileiros que n\u00e3o est\u00e3o inscritos no Cadastro \u00danico. Caso as empresas tenham que dispensar seus trabalhadores, parcial ou integralmente, prop\u00f5e-se um programa de diferimento de pagamento de tributos federais associada com pagamento autom\u00e1tico de seguro desemprego a todos os trabalhadores dispensados, por pelo menos 6 (seis) meses\u201d, sugeriu.<\/span><\/p>\n<p>&nbsp;<\/p>\n<p><span style=\"font-weight: 400\">Holland tamb\u00e9m prop\u00f5e uma pol\u00edtica de subs\u00eddio para preservar a sa\u00fade financeira de empresas, como linhas de capital de giro com juros pr\u00f3ximos a zero, sem cobran\u00e7a de Imposto sobre Opera\u00e7\u00f5es Financeiras (IOF), mas com recursos oriundos de outras fontes, como a redu\u00e7\u00e3o das exigibilidades banc\u00e1rias (dep\u00f3sito compuls\u00f3rio) de 17% para 10%, com recursos condicionados a formarem linhas de cr\u00e9ditos para capital de giro. \u201cOs recursos n\u00e3o utilizados por bancos privados devem obrigatoriamente migrar para bancos p\u00fablicos que obrigatoriamente devem colocar \u00e0 disposi\u00e7\u00e3o do mercado\u201d, adicionou.\u00a0<\/span><\/p>\n<p>&nbsp;<\/p>\n<p>Veja o artigo do professor da FGV enviado ao <strong>Blog<\/strong> com sugest\u00f5es:\u00a0<a href=\"https:\/\/blogs2.correiobraziliense.com.br\/vicente\/wp-content\/uploads\/sites\/16\/2020\/03\/artigo_medidas-coronavirusMarcioHollandv2_25_03_2020.pdf\">artigo_medidas coronavirusMarcioHollandv2_25_03_2020<\/a><\/p>\n","protected":false},"excerpt":{"rendered":"<p>ROSANA HESSEL &nbsp; O conjunto de medidas que a equipe econ\u00f4mica e o Banco Central anunciaram at\u00e9 o momento tem efeitos limitados diante da profunda desorganiza\u00e7\u00e3o na cadeia de produ\u00e7\u00e3o global em virtude da pandemia de Covid-19, provocada pelo novo coronav\u00edrus. A avalia\u00e7\u00e3o \u00e9 do economista e professor da Funda\u00e7\u00e3o Getulio Vargas de S\u00e3o Paulo [&hellip;]<\/p>\n","protected":false},"author":22,"featured_media":10185,"comment_status":"open","ping_status":"closed","sticky":false,"template":"","format":"standard","meta":{"wpb_read_more":[],"footnotes":""},"categories":[600],"tags":[4419,535,4554,31],"class_list":["post-13645","post","type-post","status-publish","format-standard","has-post-thumbnail","hentry","category-economia","tag-coronavirus","tag-fgv","tag-marcio-holland","tag-recessao"],"_links":{"self":[{"href":"https:\/\/blogs2.correiobraziliense.com.br\/vicente\/wp-json\/wp\/v2\/posts\/13645","targetHints":{"allow":["GET"]}}],"collection":[{"href":"https:\/\/blogs2.correiobraziliense.com.br\/vicente\/wp-json\/wp\/v2\/posts"}],"about":[{"href":"https:\/\/blogs2.correiobraziliense.com.br\/vicente\/wp-json\/wp\/v2\/types\/post"}],"author":[{"embeddable":true,"href":"https:\/\/blogs2.correiobraziliense.com.br\/vicente\/wp-json\/wp\/v2\/users\/22"}],"replies":[{"embeddable":true,"href":"https:\/\/blogs2.correiobraziliense.com.br\/vicente\/wp-json\/wp\/v2\/comments?post=13645"}],"version-history":[{"count":9,"href":"https:\/\/blogs2.correiobraziliense.com.br\/vicente\/wp-json\/wp\/v2\/posts\/13645\/revisions"}],"predecessor-version":[{"id":13665,"href":"https:\/\/blogs2.correiobraziliense.com.br\/vicente\/wp-json\/wp\/v2\/posts\/13645\/revisions\/13665"}],"wp:featuredmedia":[{"embeddable":true,"href":"https:\/\/blogs2.correiobraziliense.com.br\/vicente\/wp-json\/wp\/v2\/media\/10185"}],"wp:attachment":[{"href":"https:\/\/blogs2.correiobraziliense.com.br\/vicente\/wp-json\/wp\/v2\/media?parent=13645"}],"wp:term":[{"taxonomy":"category","embeddable":true,"href":"https:\/\/blogs2.correiobraziliense.com.br\/vicente\/wp-json\/wp\/v2\/categories?post=13645"},{"taxonomy":"post_tag","embeddable":true,"href":"https:\/\/blogs2.correiobraziliense.com.br\/vicente\/wp-json\/wp\/v2\/tags?post=13645"}],"curies":[{"name":"wp","href":"https:\/\/api.w.org\/{rel}","templated":true}]}}