{"id":13670,"date":"2020-03-26T16:59:37","date_gmt":"2020-03-26T19:59:37","guid":{"rendered":"https:\/\/blogs2.correiobraziliense.com.br\/vicente\/?p=13670"},"modified":"2020-03-26T17:42:52","modified_gmt":"2020-03-26T20:42:52","slug":"baloes-de-ensaio-do-ministerio-da-economia-indicam-que-guedes-nao-sabe-o-que-fazer","status":"publish","type":"post","link":"https:\/\/blogs2.correiobraziliense.com.br\/vicente\/baloes-de-ensaio-do-ministerio-da-economia-indicam-que-guedes-nao-sabe-o-que-fazer\/","title":{"rendered":"Bal\u00f5es de ensaio do Minist\u00e9rio da Economia indicam que Guedes n\u00e3o sabe o que fazer"},"content":{"rendered":"<h2>Na linguagem popular, o que se v\u00ea hoje no Minist\u00e9rio da Economia \u00e9 um &#8220;barata-voa&#8221;. S\u00e3o tantas as propostas de medidas no sentido de amenizar os impactos do coronav\u00edrus na economia, que quase nada sai do campo das promessas. A percep\u00e7\u00e3o \u00e9 de que o ministro Paulo Guedes n\u00e3o sabe o que fazer.<\/h2>\n<p>&nbsp;<\/p>\n<p>O sinal mais claro da incapacidade do Minist\u00e9rio da Economia em atender a urg\u00eancia que a pandemia da Covid-19 pede foi a bizarra Medida Provis\u00f3ria 927, que previa a suspens\u00e3o dos sal\u00e1rios dos tralhadores por quatro meses sem que nenhuma compensa\u00e7\u00e3o fosse dada a eles.<\/p>\n<p>&nbsp;<\/p>\n<p>Num primeiro momento, o presidente Jair Bolsonaro elogiou a MP nas redes sociais. Mas a bordoada foi tamanha, que ele recuou, a ponto de revogar o documento. Para se justificar do erro crasso, Guedes disse que houve uma precipita\u00e7\u00e3o de sua equipe, que liberou a MP com erro de reda\u00e7\u00e3o.<\/p>\n<p>&nbsp;<\/p>\n<p><strong>Descompasso<\/strong><\/p>\n<p>&nbsp;<\/p>\n<p>Desde ent\u00e3o, a cada dia, a equipe econ\u00f4mica planta not\u00edcias de que est\u00e1 estudando isso, analisando aquilo. J\u00e1 falou na possibilidade de o governo bancar 25% dos sal\u00e1rios dos trabalhadores, depois 33%, 50% e, agora, j\u00e1 cogita 100% no caso daqueles que recebem at\u00e9 tr\u00eas sal\u00e1rios m\u00ednimos (R$ 3.135).<\/p>\n<p>&nbsp;<\/p>\n<p>Falou-se, tamb\u00e9m, que a suspens\u00e3o dos sal\u00e1rios ser\u00e1 por dois meses e que a nova MP ser\u00e1 editada at\u00e9 esta sexta-feira (27\/03). Agora, o discurso \u00e9 de que n\u00e3o h\u00e1 mais prazo para isso, porque ainda \u00e9 preciso fechar as contas, submeter as propostas a Guedes e \u00e0 Casa Civil e, por fim, ao presidente da Rep\u00fablica. Ou seja, o minist\u00e9rio se perdeu por completo.<\/p>\n<p>&nbsp;<\/p>\n<p>Para n\u00e3o dizer que h\u00e1 exagero nas cr\u00edticas de que o governo vem recebendo por causa da ina\u00e7\u00e3o do Minist\u00e9rio da Economia, mais da metade do pacote de incentivos \u00e0 economia, totalizando R$ 309 bilh\u00f5es, est\u00e1 na promessa.<\/p>\n<p>&nbsp;<\/p>\n<p>Pelos c\u00e1lculos feitos pelo <em>Estad\u00e3o<\/em>, de cada R$ 100 anunciados pelo governo para o enfrentamento da pandemia da Covid-19, R$ 63 n\u00e3o sa\u00edram do papel. Motivo: o governo simplesmente n\u00e3o encaminhou as propostas ao Congresso ou o Legislativo ainda n\u00e3o votou os projetos usados para acelerar as a\u00e7\u00f5es.<\/p>\n<p>&nbsp;<\/p>\n<p><strong>Discurso enviesado<\/strong><\/p>\n<p>&nbsp;<\/p>\n<p>Se o presidente Jair Bolsonaro est\u00e1 t\u00e3o preocupado com os rumos da economia, a ponto de propor o fim do isolamento social imposto por estados e munic\u00edpios, por que n\u00e3o cobra a\u00e7\u00f5es mais r\u00e1pidas de sua equipe econ\u00f4mica? Mais: por que n\u00e3o arregimenta apoio no Parlamento?<\/p>\n<p>&nbsp;<\/p>\n<p>Pode-se concluir, desse quadro desolador, que, al\u00e9m da inefici\u00eancia da equipe econ\u00f4mica, o Pal\u00e1cio do Planalto prefere ficar no discurso para animar as claques das redes sociais em vez de, efetivamente, tomar as provid\u00eancias que todos est\u00e3o cobrando para evitar o colapso total da economia.<\/p>\n<p>&nbsp;<\/p>\n<p><em>Bras\u00edlia, 16h59min<\/em><\/p>\n","protected":false},"excerpt":{"rendered":"<p>Na linguagem popular, o que se v\u00ea hoje no Minist\u00e9rio da Economia \u00e9 um &#8220;barata-voa&#8221;. S\u00e3o tantas as propostas de medidas no sentido de amenizar os impactos do coronav\u00edrus na economia, que quase nada sai do campo das promessas. A percep\u00e7\u00e3o \u00e9 de que o ministro Paulo Guedes n\u00e3o sabe o que fazer. &nbsp; O [&hellip;]<\/p>\n","protected":false},"author":22,"featured_media":9818,"comment_status":"open","ping_status":"closed","sticky":false,"template":"","format":"standard","meta":{"wpb_read_more":[],"footnotes":""},"categories":[600],"tags":[4556,2554,4419,179,589,1634,1836,3613,122,810],"class_list":["post-13670","post","type-post","status-publish","format-standard","has-post-thumbnail","hentry","category-economia","tag-barata-voa","tag-bolsonaro","tag-coronavirus","tag-crise","tag-economia","tag-medidas","tag-ministerio","tag-paulo-guedes","tag-salarios","tag-trabalhadores"],"_links":{"self":[{"href":"https:\/\/blogs2.correiobraziliense.com.br\/vicente\/wp-json\/wp\/v2\/posts\/13670","targetHints":{"allow":["GET"]}}],"collection":[{"href":"https:\/\/blogs2.correiobraziliense.com.br\/vicente\/wp-json\/wp\/v2\/posts"}],"about":[{"href":"https:\/\/blogs2.correiobraziliense.com.br\/vicente\/wp-json\/wp\/v2\/types\/post"}],"author":[{"embeddable":true,"href":"https:\/\/blogs2.correiobraziliense.com.br\/vicente\/wp-json\/wp\/v2\/users\/22"}],"replies":[{"embeddable":true,"href":"https:\/\/blogs2.correiobraziliense.com.br\/vicente\/wp-json\/wp\/v2\/comments?post=13670"}],"version-history":[{"count":1,"href":"https:\/\/blogs2.correiobraziliense.com.br\/vicente\/wp-json\/wp\/v2\/posts\/13670\/revisions"}],"predecessor-version":[{"id":13671,"href":"https:\/\/blogs2.correiobraziliense.com.br\/vicente\/wp-json\/wp\/v2\/posts\/13670\/revisions\/13671"}],"wp:featuredmedia":[{"embeddable":true,"href":"https:\/\/blogs2.correiobraziliense.com.br\/vicente\/wp-json\/wp\/v2\/media\/9818"}],"wp:attachment":[{"href":"https:\/\/blogs2.correiobraziliense.com.br\/vicente\/wp-json\/wp\/v2\/media?parent=13670"}],"wp:term":[{"taxonomy":"category","embeddable":true,"href":"https:\/\/blogs2.correiobraziliense.com.br\/vicente\/wp-json\/wp\/v2\/categories?post=13670"},{"taxonomy":"post_tag","embeddable":true,"href":"https:\/\/blogs2.correiobraziliense.com.br\/vicente\/wp-json\/wp\/v2\/tags?post=13670"}],"curies":[{"name":"wp","href":"https:\/\/api.w.org\/{rel}","templated":true}]}}