{"id":137,"date":"2015-07-18T00:10:00","date_gmt":"2015-07-18T03:10:00","guid":{"rendered":"https:\/\/blogs2.correiobraziliense.com.br\/vicente\/guerra_fratricida\/"},"modified":"2015-07-18T00:10:00","modified_gmt":"2015-07-18T03:10:00","slug":"guerra_fratricida","status":"publish","type":"post","link":"https:\/\/blogs2.correiobraziliense.com.br\/vicente\/guerra_fratricida\/","title":{"rendered":"GUERRA FRATRICIDA"},"content":{"rendered":"\n<p>Cr\u00edtico feroz da presidente Dilma Rousseff, por causa dos erros cometidos na economia nos \u00faltimos quatro anos, o mercado financeiro, em larga escala, se solidarizou com a petista ontem, depois de o presidente da C\u00e2mara dos Deputados, Eduardo Cunha, anunciar seu rompimento com o governo. O que mais se ouviu nas mesas de opera\u00e7\u00e3o de bancos e corretoras foi que, entre o parlamentar e a presidente, a op\u00e7\u00e3o \u00e9 pela chefe do Executivo. E a raz\u00e3o \u00e9 uma s\u00f3: Dilma pode ter todos os defeitos, mas \u00e9 uma pessoa \u00e9tica, n\u00e3o rouba. <\/p>\n<p>Na avalia\u00e7\u00e3o de analistas e investidores, Dilma est\u00e1 fazendo o que poucos governantes de pa\u00edses emergentes, sobretudo os da Am\u00e9rica Latina, teriam coragem: deixar que uma investiga\u00e7\u00e3o t\u00e3o profunda, como a da Opera\u00e7\u00e3o Lava-Jato, seja conduzida com liberdade. Em nenhum momento houve interfer\u00eancia da presidente no trabalho da Pol\u00edcia Federal, nas a\u00e7\u00f5es do Supremo Tribunal Federal (STF) e nos processos conduzidos pelo juiz S\u00e9rgio Moro, mesmo com as den\u00fancias de corrup\u00e7\u00e3o chegando perto do Pal\u00e1cio do Planalto e do ex-presidente Lula, o criador da petista. <\/p>\n<p>Dilma s\u00f3 est\u00e1 fazendo o que deve ser feito e o que se espera de governantes comprometidos com a verdade e a \u00e9tica. Mas \u00e9 imposs\u00edvel imaginar que uma investiga\u00e7\u00e3o que est\u00e1 destruindo os dois principais partidos do pa\u00eds, o PT e o PMDB, que atingiu em cheio o presidente da C\u00e2mara dos Deputados, acusado de receber propina de US$ 5 milh\u00f5es de empreiteiras que operavam com a Petrobras, e que est\u00e1 a um passo de engolfar o presidente do Senado, Renan Calheiros, fosse adiante, por exemplo, no M\u00e9xico, onde a corrup\u00e7\u00e3o \u00e9 end\u00eamica. <\/p>\n<p>A forma como a Lava-Jato est\u00e1 sendo conduzida mereceu, recentemente, elogios de t\u00e9cnicos da ag\u00eancia de risco Standard &amp; Poor\u2019s (S&amp;P). Para eles, \u00e9 impressionante que, num pa\u00eds emergente, onde as institui\u00e7\u00f5es costumam agir para manter o status quo e proteger os poderosos que se alimentam da m\u00e1quina p\u00fablica, a popula\u00e7\u00e3o esteja vendo empres\u00e1rios, pol\u00edticos e servidores de carreira indo para a cadeia. \u00c9 uma demonstra\u00e7\u00e3o de for\u00e7a que ser\u00e1 levada em conta na hora de a S&amp;P decidir se tira ou n\u00e3o o selo de bom pagador do pa\u00eds (investment grade).<b> <\/p>\n<p>Recess\u00e3o<\/b> <\/p>\n<p>Os analistas reconhecem, por\u00e9m, que Dilma enfrentar\u00e1 uma guerra sem tr\u00e9gua dos presidentes da C\u00e2mara e do Senado. Enquanto eles tiverem instrumentos para inviabilizar o mandato da petista, v\u00e3o faz\u00ea-lo sem d\u00f3 nem piedade. Com isso, quem pagar\u00e1 a maior parte da fatura ser\u00e1 a popula\u00e7\u00e3o, pois a recess\u00e3o, que pode tirar 2% do Produto Interno Bruto (PIB) neste ano, se profundar\u00e1. <\/p>\n<p>O lado mais cruel da retra\u00e7\u00e3o da economia j\u00e1 escancarou as garras. O desemprego disparou. Pelos c\u00e1lculos do Minist\u00e9rio do Trabalho, somente em junho foram fechadas 112 mil vagas com carteira assinada. Sem sal\u00e1rios, as fam\u00edlias cortar\u00e3o o consumo. A demanda fraca derrubar\u00e1 a produ\u00e7\u00e3o. A ind\u00fastria, por sinal, est\u00e1 puxando as demiss\u00f5es. S\u00e3o cinco meses seguidos de queda no emprego, mostra o Instituto Brasileiro de Geografia e Estat\u00edstica (IBGE). <\/p>\n<p>Ontem, apesar do apoio a Dilma, os investidores preferiram se precaver, sobretudo porque n\u00e3o sabem qual o tamanho do apoio popular que a presidente ter\u00e1 para enfrentar os algozes do Congresso. O medo \u00e9 de que o pa\u00eds pare de vez, que projetos importantes para o ajuste fiscal sejam detonados. Sem a arruma\u00e7\u00e3o da casa, n\u00e3o h\u00e1 como a economia voltar a crescer no ano que vem, talvez nem em 2017. <\/p>\n<p>Tudo de ruim que o pa\u00eds est\u00e1 vivendo na economia \u00e9 culpa dos erros cometidos por Dilma nos quatro primeiros anos de mandato. A teimosia da presidente em destruir os pilares da economia \u2014 metas de infla\u00e7\u00e3o, c\u00e2mbio flutuante e equil\u00edbrio fiscal \u2014, a op\u00e7\u00e3o por se cercar de uma equipe despreparada e a corrup\u00e7\u00e3o desenfreada de seu partido, o PT, fizeram com que ela amargasse hoje apenas 9% de aprova\u00e7\u00e3o. <\/p>\n<p>Mas n\u00e3o se pode esquecer que Cunha e Renan s\u00e3o o que h\u00e1 de pior da pol\u00edtica do pa\u00eds. Acreditavam que, em meio \u00e0s den\u00fancias de corrup\u00e7\u00e3o, teriam o acobertamento comum aos poderosos. Est\u00e3o vendo que os tempos de impunidade chegaram ao fim. Mas antes de acertarem as contas com a Justi\u00e7a, podem inviabilizar o pa\u00eds. <\/p>\n<p><b>De mal a pior<\/b> <\/p>\n<p>\u00bb T\u00e9cnicos do governo que acompanham o dia a dia da economia n\u00e3o veem um sinal de inflex\u00e3o na atividade. Ela s\u00f3 faz afundar. <\/p>\n<p><b>Queda dos juros<\/b> <\/p>\n<p>\u00bb Nos corredores do Banco Central, a preocupa\u00e7\u00e3o, agora, \u00e9 saber quando a institui\u00e7\u00e3o poder\u00e1 voltar a cortar juros. O quadro econ\u00f4mico \u00e9 dram\u00e1tico. <\/p>\n<p><b>Embate no funcionalismo<\/b> <\/p>\n<p>\u00bb Bastou o governo voltar a discutir reajustes de sal\u00e1rios com os servidores para que a guerra de classes se disseminasse no servi\u00e7o p\u00fablico. \u00c9 um tiroteio sem fim de cr\u00edticas e acusa\u00e7\u00f5es. <\/p>\n<p><b>Perfil do portu\u00e1rio<\/b> <\/p>\n<p>\u00bb O pa\u00eds tem hoje 50 mil trabalhadores portu\u00e1rios. Desse contingente, 39% t\u00eam ensino fundamental e m\u00e9dio incompleto. A ampla maioria, 78%, est\u00e1 acima de 40 anos e muitos podem enfrentar dificuldades quando se aposentarem. <\/p>\n<p>Bras\u00edlia, 00h10min   <\/p>\n","protected":false},"excerpt":{"rendered":"<p>Cr\u00edtico feroz da presidente Dilma Rousseff, por causa dos erros cometidos na economia nos \u00faltimos quatro anos, o mercado financeiro, em larga escala, se solidarizou com a petista ontem, depois de o presidente da C\u00e2mara dos Deputados, Eduardo Cunha, anunciar seu rompimento com o governo. O que mais se ouviu nas mesas de opera\u00e7\u00e3o de [&hellip;]<\/p>\n","protected":false},"author":22,"featured_media":0,"comment_status":"open","ping_status":"open","sticky":false,"template":"","format":"standard","meta":{"wpb_read_more":[],"footnotes":""},"categories":[1],"tags":[],"class_list":["post-137","post","type-post","status-publish","format-standard","hentry","category-sem-categoria"],"_links":{"self":[{"href":"https:\/\/blogs2.correiobraziliense.com.br\/vicente\/wp-json\/wp\/v2\/posts\/137","targetHints":{"allow":["GET"]}}],"collection":[{"href":"https:\/\/blogs2.correiobraziliense.com.br\/vicente\/wp-json\/wp\/v2\/posts"}],"about":[{"href":"https:\/\/blogs2.correiobraziliense.com.br\/vicente\/wp-json\/wp\/v2\/types\/post"}],"author":[{"embeddable":true,"href":"https:\/\/blogs2.correiobraziliense.com.br\/vicente\/wp-json\/wp\/v2\/users\/22"}],"replies":[{"embeddable":true,"href":"https:\/\/blogs2.correiobraziliense.com.br\/vicente\/wp-json\/wp\/v2\/comments?post=137"}],"version-history":[{"count":0,"href":"https:\/\/blogs2.correiobraziliense.com.br\/vicente\/wp-json\/wp\/v2\/posts\/137\/revisions"}],"wp:attachment":[{"href":"https:\/\/blogs2.correiobraziliense.com.br\/vicente\/wp-json\/wp\/v2\/media?parent=137"}],"wp:term":[{"taxonomy":"category","embeddable":true,"href":"https:\/\/blogs2.correiobraziliense.com.br\/vicente\/wp-json\/wp\/v2\/categories?post=137"},{"taxonomy":"post_tag","embeddable":true,"href":"https:\/\/blogs2.correiobraziliense.com.br\/vicente\/wp-json\/wp\/v2\/tags?post=137"}],"curies":[{"name":"wp","href":"https:\/\/api.w.org\/{rel}","templated":true}]}}