{"id":1370,"date":"2016-06-10T00:01:09","date_gmt":"2016-06-10T03:01:09","guid":{"rendered":"https:\/\/blogs2.correiobraziliense.com.br\/vicente\/?p=1370"},"modified":"2016-06-10T07:33:06","modified_gmt":"2016-06-10T10:33:06","slug":"servidores-da-camara-estao-livres-para-fazer-hora-extra-custo-mais-por-sessao-r-708-mil","status":"publish","type":"post","link":"https:\/\/blogs2.correiobraziliense.com.br\/vicente\/servidores-da-camara-estao-livres-para-fazer-hora-extra-custo-mais-por-sessao-r-708-mil\/","title":{"rendered":"Servidores da C\u00e2mara est\u00e3o livres para fazer hora extra. Custo a mais por sess\u00e3o: R$ 708 mil"},"content":{"rendered":"<p>POR HAMILTON FERRARI<\/p>\n<p>&nbsp;<\/p>\n<p>O presidente interino da C\u00e2mara, deputado Waldir Maranh\u00e3o (PP-MA), possibilitou que o gasto com sess\u00e3o da Casa aumente em R$ 708 mil. Ele revogou um ato do presidente afastado, Eduardo Cunha, e da Mesa Diretora que limitava o n\u00famero de comissionados e secret\u00e1rios parlamentares que ficam nas sess\u00f5es do plen\u00e1rio ap\u00f3s 19h.<br \/>\nDe forma monocr\u00e1tica, Maranh\u00e3o revogou a decis\u00e3o de setembro de 2015, que determinava que, no m\u00e1ximo, 700 servidores fizessem hora extra no per\u00edodo noturno \u2014 apenas tr\u00eas pessoas de cada gabinete acompanhavam as vota\u00e7\u00f5es. Antes da limita\u00e7\u00e3o, a Messa Diretora calculou que os gastos com hora extra, por sess\u00e3o, era de R$ 1,2 milh\u00e3o.<\/p>\n<p>&nbsp;<\/p>\n<p>A revoga\u00e7\u00e3o permite que os pr\u00f3prios gabinetes e departamentos decidam a quantidade de servidores que atuar\u00e3o nas vota\u00e7\u00f5es. \u201cUm dos motivos para a mudan\u00e7a da regra foi o fato de a C\u00e2mara conviver com longas sess\u00f5es plen\u00e1rias, o que demanda mais gente para assessorar os parlamentares e as \u00e1reas da Casa ligadas \u00e0 vota\u00e7\u00e3o\u201d, justificou Maranh\u00e3o, por meio de nota \u00e0 imprensa.<\/p>\n<p>&nbsp;<\/p>\n<p>O primeiro-secret\u00e1rio da C\u00e2mara, deputado Beto Mansur (PRB-SP), criticou a decis\u00e3o do presidente interino e alegou que as horas extras v\u00e3o gerar mais despesas para a Casa. \u201cAvisei ao Maranh\u00e3o que ele n\u00e3o deveria ter mexido nisso, estava dando certo. Fizemos grande economia e n\u00e3o poder\u00edamos voltar atr\u00e1s\u201d, alertou. Como ordenador de despesas da Casa, Mansur n\u00e3o foi consultado sobre a medida e garante que tentar\u00e1 convencer o presidente interino desistir da revoga\u00e7\u00e3o, caso contr\u00e1rio, levar\u00e1 o caso \u00e0 Mesa Diretora.<\/p>\n<p>&nbsp;<\/p>\n<p>O professor de finan\u00e7as p\u00fablicas Roberto Piscitelli, da Universidade de Bras\u00edlia (UnB), afirmou que o ato de Maranh\u00e3o evita que alguns funcion\u00e1rios fiquem sobrecarregados de tarefas e facilita o assessoramento. Entretanto, o especialista declarou que, se as horas extras n\u00e3o tiverem normatiza\u00e7\u00e3o r\u00edgida e crit\u00e9rios objetivos, podem aumentar significativamente os gastos.<\/p>\n<p>&nbsp;<\/p>\n<p>\u201c\u00c9 indispens\u00e1vel que todas as requisi\u00e7\u00f5es sejam justificadas. O m\u00ednimo que se pode fazer \u00e9 ter crit\u00e9rios para garantir que o sujeito convocado fique no plen\u00e1rio e acompanhe a sess\u00e3o\u201d, disse Piscitelli. Ele contou que isso evita que servidores fujam da sess\u00e3o e retornem para o plen\u00e1rio apenas para bater o ponto.\u00a0A C\u00e2mara dos Deputados foi procurada, mas n\u00e3o se posicionou.<\/p>\n<p>&nbsp;<\/p>\n<p><b>Bras\u00edlia, 00h01min<\/b><\/p>\n","protected":false},"excerpt":{"rendered":"<p>POR HAMILTON FERRARI &nbsp; O presidente interino da C\u00e2mara, deputado Waldir Maranh\u00e3o (PP-MA), possibilitou que o gasto com sess\u00e3o da Casa aumente em R$ 708 mil. Ele revogou um ato do presidente afastado, Eduardo Cunha, e da Mesa Diretora que limitava o n\u00famero de comissionados e secret\u00e1rios parlamentares que ficam nas sess\u00f5es do plen\u00e1rio ap\u00f3s [&hellip;]<\/p>\n","protected":false},"author":22,"featured_media":0,"comment_status":"open","ping_status":"closed","sticky":false,"template":"","format":"standard","meta":{"wpb_read_more":[],"footnotes":""},"categories":[1],"tags":[],"class_list":["post-1370","post","type-post","status-publish","format-standard","hentry","category-sem-categoria"],"_links":{"self":[{"href":"https:\/\/blogs2.correiobraziliense.com.br\/vicente\/wp-json\/wp\/v2\/posts\/1370","targetHints":{"allow":["GET"]}}],"collection":[{"href":"https:\/\/blogs2.correiobraziliense.com.br\/vicente\/wp-json\/wp\/v2\/posts"}],"about":[{"href":"https:\/\/blogs2.correiobraziliense.com.br\/vicente\/wp-json\/wp\/v2\/types\/post"}],"author":[{"embeddable":true,"href":"https:\/\/blogs2.correiobraziliense.com.br\/vicente\/wp-json\/wp\/v2\/users\/22"}],"replies":[{"embeddable":true,"href":"https:\/\/blogs2.correiobraziliense.com.br\/vicente\/wp-json\/wp\/v2\/comments?post=1370"}],"version-history":[{"count":1,"href":"https:\/\/blogs2.correiobraziliense.com.br\/vicente\/wp-json\/wp\/v2\/posts\/1370\/revisions"}],"predecessor-version":[{"id":1371,"href":"https:\/\/blogs2.correiobraziliense.com.br\/vicente\/wp-json\/wp\/v2\/posts\/1370\/revisions\/1371"}],"wp:attachment":[{"href":"https:\/\/blogs2.correiobraziliense.com.br\/vicente\/wp-json\/wp\/v2\/media?parent=1370"}],"wp:term":[{"taxonomy":"category","embeddable":true,"href":"https:\/\/blogs2.correiobraziliense.com.br\/vicente\/wp-json\/wp\/v2\/categories?post=1370"},{"taxonomy":"post_tag","embeddable":true,"href":"https:\/\/blogs2.correiobraziliense.com.br\/vicente\/wp-json\/wp\/v2\/tags?post=1370"}],"curies":[{"name":"wp","href":"https:\/\/api.w.org\/{rel}","templated":true}]}}