{"id":1374,"date":"2016-06-10T09:01:46","date_gmt":"2016-06-10T12:01:46","guid":{"rendered":"https:\/\/blogs2.correiobraziliense.com.br\/vicente\/?p=1374"},"modified":"2016-06-10T10:38:03","modified_gmt":"2016-06-10T13:38:03","slug":"polemica-gratificacao-para-ministros-do-stf","status":"publish","type":"post","link":"https:\/\/blogs2.correiobraziliense.com.br\/vicente\/polemica-gratificacao-para-ministros-do-stf\/","title":{"rendered":"A pol\u00eamica gratifica\u00e7\u00e3o para ministros do STF"},"content":{"rendered":"<p>POR HAMILTON FERRARI E VERA BATISTA<\/p>\n<p>&nbsp;<\/p>\n<p>N\u00e3o ser\u00e1 f\u00e1cil para o governo federal evitar um aumento formal dos sal\u00e1rios dos ministros do Supremo Tribunal Federal (STF), que define o teto remunerat\u00f3rio do funcionalismo. A Frente Associativa da Magistratura e do Minist\u00e9rio P\u00fablico (Frentas), que representa mais de 40 mil ju\u00edzes e procuradores, publicou uma nota em que repudia um poss\u00edvel acerto no governo, no qual, em vez de reajuste salarial, os ministros da alta Corte do pa\u00eds recebam gratifica\u00e7\u00f5es no contracheque, para evitar o chamado \u201cefeito cascata\u201d no Judici\u00e1rio.<\/p>\n<p>&nbsp;<\/p>\n<p>A nota foi divulgada ap\u00f3s a not\u00edcia de que os ministros da Fazenda, Henrique Meirelles, e do Planejamento, Dyogo de Oliveira, fizeram um acordo, com aval do presidente interino, Michel Temer. A combina\u00e7\u00e3o contraria o projeto de lei aprovado, na semana passada, pela C\u00e2mara, elevando os sal\u00e1rios dos ministros em 16,38% \u2014 de R$ 33.763 para R$ 39.293. A estrat\u00e9gia seria vetar o projeto e, em contrapartida, oferecer gratifica\u00e7\u00f5es no mesmo valor do aumento salarial de R$ 5.530.<\/p>\n<p>&nbsp;<\/p>\n<p>Mais uma vez, o Supremo Tribunal Federal (STF) disse que \u201cfoi pego de surpresa\u201d. \u201cA proposta n\u00e3o \u00e9 nossa. N\u00e3o sabemos de onde saiu. \u00c9 legalmente discut\u00edvel e criaria uma animosidade desnecess\u00e1ria com toda a magistratura\u201d, argumentou o diretor-geral da Corte, Amarildo Oliveira, ao comentar o poss\u00edvel acerto entre o STF e o Executivo. Ele destacou que a medida n\u00e3o faz sentido porque privilegiaria 86 ministros (11 do Supremo, 33 do STJ, 27 do TST e 15 do STM) e deixaria de fora mais de 8,8 mil ju\u00edzes federais.<\/p>\n<p>&nbsp;<\/p>\n<p><i>Bras\u00edlia, 09h01min<\/i><\/p>\n","protected":false},"excerpt":{"rendered":"<p>POR HAMILTON FERRARI E VERA BATISTA &nbsp; N\u00e3o ser\u00e1 f\u00e1cil para o governo federal evitar um aumento formal dos sal\u00e1rios dos ministros do Supremo Tribunal Federal (STF), que define o teto remunerat\u00f3rio do funcionalismo. A Frente Associativa da Magistratura e do Minist\u00e9rio P\u00fablico (Frentas), que representa mais de 40 mil ju\u00edzes e procuradores, publicou uma [&hellip;]<\/p>\n","protected":false},"author":22,"featured_media":0,"comment_status":"open","ping_status":"closed","sticky":false,"template":"","format":"standard","meta":{"wpb_read_more":[],"footnotes":""},"categories":[1],"tags":[],"class_list":["post-1374","post","type-post","status-publish","format-standard","hentry","category-sem-categoria"],"_links":{"self":[{"href":"https:\/\/blogs2.correiobraziliense.com.br\/vicente\/wp-json\/wp\/v2\/posts\/1374","targetHints":{"allow":["GET"]}}],"collection":[{"href":"https:\/\/blogs2.correiobraziliense.com.br\/vicente\/wp-json\/wp\/v2\/posts"}],"about":[{"href":"https:\/\/blogs2.correiobraziliense.com.br\/vicente\/wp-json\/wp\/v2\/types\/post"}],"author":[{"embeddable":true,"href":"https:\/\/blogs2.correiobraziliense.com.br\/vicente\/wp-json\/wp\/v2\/users\/22"}],"replies":[{"embeddable":true,"href":"https:\/\/blogs2.correiobraziliense.com.br\/vicente\/wp-json\/wp\/v2\/comments?post=1374"}],"version-history":[{"count":1,"href":"https:\/\/blogs2.correiobraziliense.com.br\/vicente\/wp-json\/wp\/v2\/posts\/1374\/revisions"}],"predecessor-version":[{"id":1375,"href":"https:\/\/blogs2.correiobraziliense.com.br\/vicente\/wp-json\/wp\/v2\/posts\/1374\/revisions\/1375"}],"wp:attachment":[{"href":"https:\/\/blogs2.correiobraziliense.com.br\/vicente\/wp-json\/wp\/v2\/media?parent=1374"}],"wp:term":[{"taxonomy":"category","embeddable":true,"href":"https:\/\/blogs2.correiobraziliense.com.br\/vicente\/wp-json\/wp\/v2\/categories?post=1374"},{"taxonomy":"post_tag","embeddable":true,"href":"https:\/\/blogs2.correiobraziliense.com.br\/vicente\/wp-json\/wp\/v2\/tags?post=1374"}],"curies":[{"name":"wp","href":"https:\/\/api.w.org\/{rel}","templated":true}]}}