{"id":13749,"date":"2020-03-31T18:31:23","date_gmt":"2020-03-31T21:31:23","guid":{"rendered":"https:\/\/blogs2.correiobraziliense.com.br\/vicente\/?p=13749"},"modified":"2020-03-31T18:59:51","modified_gmt":"2020-03-31T21:59:51","slug":"se-mandetta-sair-equipe-que-esta-na-linha-de-frente-do-combate-ao-coronavirus-tambem-ira-embora","status":"publish","type":"post","link":"https:\/\/blogs2.correiobraziliense.com.br\/vicente\/se-mandetta-sair-equipe-que-esta-na-linha-de-frente-do-combate-ao-coronavirus-tambem-ira-embora\/","title":{"rendered":"Se Mandetta sair, equipe que est\u00e1 na linha de frente do combate ao coronav\u00edrus tamb\u00e9m ir\u00e1 embora"},"content":{"rendered":"<h2>O clima no Minist\u00e9rio da Sa\u00fade est\u00e1 mais pesado do que nunca. Desde o \u00faltimo fim de semana, quando a demiss\u00e3o do ministro Luiz Henrique Mandetta se tornou uma possibilidade concreta, os tr\u00eas principais t\u00e9cnicos da equipe que est\u00e1 na linha de frente do combate ao novo coronav\u00edrus avisaram que deixar\u00e3o seus cargos se o chefe cair.<\/h2>\n<p>&nbsp;<\/p>\n<p>Jo\u00e3o Gabbardo Reis, secret\u00e1rio executivo; Wanderson de Oliveira, secret\u00e1rio de Vigil\u00e2ncia em Sa\u00fade; e Erno Harzhein, secret\u00e1rio de Aten\u00e7\u00e3o Prim\u00e1ria \u00e0 Sa\u00fade, deixaram claro, por mais de uma vez, que n\u00e3o aceitar\u00e3o a troca de comando no minist\u00e9rio num momento t\u00e3o importante, pois t\u00eam a certeza de que Mandetta est\u00e1 fazendo um trabalho exemplar no combate \u00e0 Covid-19.<\/p>\n<p>&nbsp;<\/p>\n<p>O descontentamento de Gabbardo, Oliveira e Harzhein aumentou nos \u00faltimos dois dias, depois que o presidente Jair Bolsonaro, por ci\u00fames do protagonismo de Mandetta, decidiu retirar do minist\u00e9rio as entrevistas coletivas sobre a situa\u00e7\u00e3o do avan\u00e7o do coronav\u00edrus no Brasil. Viram, na decis\u00e3o de Bolsonaro, um claro sinal de retalia\u00e7\u00e3o.<\/p>\n<p>&nbsp;<\/p>\n<p>Os t\u00e9cnicos, agora, n\u00e3o podem mais responder a perguntas de jornalistas. Limitam-se a apresentar os n\u00fameros da situa\u00e7\u00e3o da Covid-19 no pa\u00eds. \u00c9 uma tentativa clara de tentar enquadrar as a\u00e7\u00f5es do Minist\u00e9rio da Sa\u00fade aos pensamentos do Pal\u00e1cio do Planalto, onde se acredita que a pandemia que deixa de um rastro de mortes no mundo \u00e9 apenas uma &#8220;gripezinha&#8221;.<\/p>\n<p>&nbsp;<\/p>\n<p><strong>Pedido de calma<\/strong><\/p>\n<p>&nbsp;<\/p>\n<p>Em conversas reservadas com os auxiliares diretos, Mandetta vem pedindo calma a todos, pois o minist\u00e9rio, mesmo cerceado pelo Planalto, tem um trabalho muito s\u00e9rio a fazer, sobretudo em meio \u00e0 onda de desinforma\u00e7\u00e3o capitaneada pelo presidente, pelos filhos dele e por adoradores de Bolsonaro nas redes sociais.<\/p>\n<p>&nbsp;<\/p>\n<p>Mandetta garantiu aos t\u00e9cnicos que resistir\u00e1 at\u00e9 quando for poss\u00edvel, pois sabe que tem a seu lado importantes integrantes do governo, que claramente discordam de Bolsonaro. O presidente insiste em acabar com o isolamento social, que vem conseguindo segurar a dissemina\u00e7\u00e3o da Covid-19, alegando defender a preserva\u00e7\u00e3o da economia.<\/p>\n<p>&nbsp;<\/p>\n<p>Diante dos apelos do ministro, Gabbardo, Oliveira e Harzhein disseram que ficam e que v\u00e3o fazer de tudo para manter a popula\u00e7\u00e3o informada. Mas se Mandetta cair, tudo mudar\u00e1 de figura. E \u00e9 muito prov\u00e1vel que outros t\u00e9cnicos da equipe do ministro sigam pelo mesmo caminho.<\/p>\n<p>&nbsp;<\/p>\n<p><em>Bras\u00edlia, 18h31min<\/em><\/p>\n","protected":false},"excerpt":{"rendered":"<p>O clima no Minist\u00e9rio da Sa\u00fade est\u00e1 mais pesado do que nunca. Desde o \u00faltimo fim de semana, quando a demiss\u00e3o do ministro Luiz Henrique Mandetta se tornou uma possibilidade concreta, os tr\u00eas principais t\u00e9cnicos da equipe que est\u00e1 na linha de frente do combate ao novo coronav\u00edrus avisaram que deixar\u00e3o seus cargos se o [&hellip;]<\/p>\n","protected":false},"author":22,"featured_media":13624,"comment_status":"open","ping_status":"closed","sticky":false,"template":"","format":"standard","meta":{"wpb_read_more":[],"footnotes":""},"categories":[600],"tags":[4419,4505,22,4558,4557,4549,1836,579,3680],"class_list":["post-13749","post","type-post","status-publish","format-standard","has-post-thumbnail","hentry","category-economia","tag-coronavirus","tag-covid-19","tag-demissao","tag-erno","tag-gabbardo","tag-mandetta","tag-ministerio","tag-saude","tag-wanderson"],"_links":{"self":[{"href":"https:\/\/blogs2.correiobraziliense.com.br\/vicente\/wp-json\/wp\/v2\/posts\/13749","targetHints":{"allow":["GET"]}}],"collection":[{"href":"https:\/\/blogs2.correiobraziliense.com.br\/vicente\/wp-json\/wp\/v2\/posts"}],"about":[{"href":"https:\/\/blogs2.correiobraziliense.com.br\/vicente\/wp-json\/wp\/v2\/types\/post"}],"author":[{"embeddable":true,"href":"https:\/\/blogs2.correiobraziliense.com.br\/vicente\/wp-json\/wp\/v2\/users\/22"}],"replies":[{"embeddable":true,"href":"https:\/\/blogs2.correiobraziliense.com.br\/vicente\/wp-json\/wp\/v2\/comments?post=13749"}],"version-history":[{"count":1,"href":"https:\/\/blogs2.correiobraziliense.com.br\/vicente\/wp-json\/wp\/v2\/posts\/13749\/revisions"}],"predecessor-version":[{"id":13750,"href":"https:\/\/blogs2.correiobraziliense.com.br\/vicente\/wp-json\/wp\/v2\/posts\/13749\/revisions\/13750"}],"wp:featuredmedia":[{"embeddable":true,"href":"https:\/\/blogs2.correiobraziliense.com.br\/vicente\/wp-json\/wp\/v2\/media\/13624"}],"wp:attachment":[{"href":"https:\/\/blogs2.correiobraziliense.com.br\/vicente\/wp-json\/wp\/v2\/media?parent=13749"}],"wp:term":[{"taxonomy":"category","embeddable":true,"href":"https:\/\/blogs2.correiobraziliense.com.br\/vicente\/wp-json\/wp\/v2\/categories?post=13749"},{"taxonomy":"post_tag","embeddable":true,"href":"https:\/\/blogs2.correiobraziliense.com.br\/vicente\/wp-json\/wp\/v2\/tags?post=13749"}],"curies":[{"name":"wp","href":"https:\/\/api.w.org\/{rel}","templated":true}]}}