{"id":1378,"date":"2016-06-10T17:01:46","date_gmt":"2016-06-10T20:01:46","guid":{"rendered":"https:\/\/blogs2.correiobraziliense.com.br\/vicente\/?p=1378"},"modified":"2016-06-10T17:15:57","modified_gmt":"2016-06-10T20:15:57","slug":"cinco-horas-da-tarde-de-sexta-feira-e-esplanada-dos-ministerios-esta-vazia","status":"publish","type":"post","link":"https:\/\/blogs2.correiobraziliense.com.br\/vicente\/cinco-horas-da-tarde-de-sexta-feira-e-esplanada-dos-ministerios-esta-vazia\/","title":{"rendered":"Cinco horas da tarde de sexta-feira e a Esplanada dos Minist\u00e9rios est\u00e1 vazia"},"content":{"rendered":"<p>POR ROSANA HESSEL<\/p>\n<p>&nbsp;<\/p>\n<p>Os servidores p\u00fablicos est\u00e3o em meio a uma grande pol\u00eamica por causa do reajustes de sal\u00e1rios, fatura que chegar\u00e1 a quase R$ 100 bilh\u00f5es at\u00e9 2019, mas n\u00e3o abrem m\u00e3o de irem embora mais cedo para casa.<\/p>\n<p>&nbsp;<\/p>\n<p>Pouco antes das cinco horas da tarde desta sexta-feira, v\u00e1rios estacionamentos da Esplanada dos Minist\u00e9rios estavam vazios, como comprovam as fotos abaixo.<\/p>\n<p>&nbsp;<\/p>\n<p><a href=\"https:\/\/blogs2.correiobraziliense.com.br\/vicente\/wp-content\/uploads\/sites\/16\/2016\/06\/Esplanada1.jpg\" rel=\"attachment wp-att-1379\"><img loading=\"lazy\" decoding=\"async\" class=\"alignnone size-medium wp-image-1379\" src=\"https:\/\/blogs2.correiobraziliense.com.br\/vicente\/wp-content\/uploads\/sites\/16\/2016\/06\/Esplanada1-225x300.jpg\" alt=\"Esplanada1\" width=\"225\" height=\"300\" srcset=\"https:\/\/blogs2.correiobraziliense.com.br\/vicente\/wp-content\/uploads\/sites\/16\/2016\/06\/Esplanada1-225x300.jpg 225w, https:\/\/blogs2.correiobraziliense.com.br\/vicente\/wp-content\/uploads\/sites\/16\/2016\/06\/Esplanada1-263x350.jpg 263w, https:\/\/blogs2.correiobraziliense.com.br\/vicente\/wp-content\/uploads\/sites\/16\/2016\/06\/Esplanada1-550x733.jpg 550w, https:\/\/blogs2.correiobraziliense.com.br\/vicente\/wp-content\/uploads\/sites\/16\/2016\/06\/Esplanada1-230x307.jpg 230w, https:\/\/blogs2.correiobraziliense.com.br\/vicente\/wp-content\/uploads\/sites\/16\/2016\/06\/Esplanada1.jpg 750w\" sizes=\"auto, (max-width: 225px) 100vw, 225px\" \/><\/a><\/p>\n<p>&nbsp;<\/p>\n<p><a href=\"https:\/\/blogs2.correiobraziliense.com.br\/vicente\/wp-content\/uploads\/sites\/16\/2016\/06\/Esplanada2.jpg\" rel=\"attachment wp-att-1380\"><img loading=\"lazy\" decoding=\"async\" class=\"alignnone size-medium wp-image-1380\" src=\"https:\/\/blogs2.correiobraziliense.com.br\/vicente\/wp-content\/uploads\/sites\/16\/2016\/06\/Esplanada2-225x300.jpg\" alt=\"Esplanada2\" width=\"225\" height=\"300\" srcset=\"https:\/\/blogs2.correiobraziliense.com.br\/vicente\/wp-content\/uploads\/sites\/16\/2016\/06\/Esplanada2-225x300.jpg 225w, https:\/\/blogs2.correiobraziliense.com.br\/vicente\/wp-content\/uploads\/sites\/16\/2016\/06\/Esplanada2-263x350.jpg 263w, https:\/\/blogs2.correiobraziliense.com.br\/vicente\/wp-content\/uploads\/sites\/16\/2016\/06\/Esplanada2-550x733.jpg 550w, https:\/\/blogs2.correiobraziliense.com.br\/vicente\/wp-content\/uploads\/sites\/16\/2016\/06\/Esplanada2-230x307.jpg 230w, https:\/\/blogs2.correiobraziliense.com.br\/vicente\/wp-content\/uploads\/sites\/16\/2016\/06\/Esplanada2.jpg 750w\" sizes=\"auto, (max-width: 225px) 100vw, 225px\" \/><\/a><\/p>\n","protected":false},"excerpt":{"rendered":"<p>POR ROSANA HESSEL &nbsp; Os servidores p\u00fablicos est\u00e3o em meio a uma grande pol\u00eamica por causa do reajustes de sal\u00e1rios, fatura que chegar\u00e1 a quase R$ 100 bilh\u00f5es at\u00e9 2019, mas n\u00e3o abrem m\u00e3o de irem embora mais cedo para casa. &nbsp; Pouco antes das cinco horas da tarde desta sexta-feira, v\u00e1rios estacionamentos da Esplanada [&hellip;]<\/p>\n","protected":false},"author":22,"featured_media":0,"comment_status":"open","ping_status":"closed","sticky":false,"template":"","format":"standard","meta":{"wpb_read_more":[],"footnotes":""},"categories":[1],"tags":[],"class_list":["post-1378","post","type-post","status-publish","format-standard","hentry","category-sem-categoria"],"_links":{"self":[{"href":"https:\/\/blogs2.correiobraziliense.com.br\/vicente\/wp-json\/wp\/v2\/posts\/1378","targetHints":{"allow":["GET"]}}],"collection":[{"href":"https:\/\/blogs2.correiobraziliense.com.br\/vicente\/wp-json\/wp\/v2\/posts"}],"about":[{"href":"https:\/\/blogs2.correiobraziliense.com.br\/vicente\/wp-json\/wp\/v2\/types\/post"}],"author":[{"embeddable":true,"href":"https:\/\/blogs2.correiobraziliense.com.br\/vicente\/wp-json\/wp\/v2\/users\/22"}],"replies":[{"embeddable":true,"href":"https:\/\/blogs2.correiobraziliense.com.br\/vicente\/wp-json\/wp\/v2\/comments?post=1378"}],"version-history":[{"count":1,"href":"https:\/\/blogs2.correiobraziliense.com.br\/vicente\/wp-json\/wp\/v2\/posts\/1378\/revisions"}],"predecessor-version":[{"id":1381,"href":"https:\/\/blogs2.correiobraziliense.com.br\/vicente\/wp-json\/wp\/v2\/posts\/1378\/revisions\/1381"}],"wp:attachment":[{"href":"https:\/\/blogs2.correiobraziliense.com.br\/vicente\/wp-json\/wp\/v2\/media?parent=1378"}],"wp:term":[{"taxonomy":"category","embeddable":true,"href":"https:\/\/blogs2.correiobraziliense.com.br\/vicente\/wp-json\/wp\/v2\/categories?post=1378"},{"taxonomy":"post_tag","embeddable":true,"href":"https:\/\/blogs2.correiobraziliense.com.br\/vicente\/wp-json\/wp\/v2\/tags?post=1378"}],"curies":[{"name":"wp","href":"https:\/\/api.w.org\/{rel}","templated":true}]}}