{"id":138,"date":"2015-07-20T17:45:00","date_gmt":"2015-07-20T20:45:00","guid":{"rendered":"https:\/\/blogs2.correiobraziliense.com.br\/vicente\/bc_ja_comeca_a_plantar_fim_do_aumento_dos_juros\/"},"modified":"2015-07-20T17:45:00","modified_gmt":"2015-07-20T20:45:00","slug":"bc_ja_comeca_a_plantar_fim_do_aumento_dos_juros","status":"publish","type":"post","link":"https:\/\/blogs2.correiobraziliense.com.br\/vicente\/bc_ja_comeca_a_plantar_fim_do_aumento_dos_juros\/","title":{"rendered":"BC J\u00c1 COME\u00c7A A PLANTAR FIM DO AUMENTO DOS JUROS"},"content":{"rendered":"\n<p>O Banco Central deu in\u00edcio hoje a um movimento para convencer os agentes econ\u00f4micos de que o processo de alta da taxa b\u00e1sica de juros (Selic) est\u00e1 pr\u00f3ximo do fim. Desde o in\u00edcio da manh\u00e3, tratou de emitir sinais mostrando seu contentamento com o fato de as proje\u00e7\u00f5es do mercado para a infla\u00e7\u00e3o de 2016 ter ca\u00eddo novamente, agora para 5,40%. <\/p>\n<p>No entender do BC, a converg\u00eancia das expectativas do mercado est\u00e1 se dando numa velocidade mais r\u00e1pida do que o esperado. A continuar esse ritmo, \u00e9 poss\u00edvel que, em setembro, as proje\u00e7\u00f5es j\u00e1 estejam abaixo de 5%, o que justificar\u00e1 o Comit\u00ea de Pol\u00edtica Monet\u00e1ria (Copom) dar mais um aumento de 0,25 ponto percentual na Selic na semana que vem e, na pr\u00f3xima reuni\u00e3o, manter os juros em 14% ao ano. <\/p>\n<p>Com a economia indo para o buraco, o BC est\u00e1 louco para encerrar o arrocho monet\u00e1rio. Se os diretores da institui\u00e7\u00e3o pudessem, pulariam a reuni\u00e3o deste m\u00eas para dar, em setembro, a not\u00edcia que mais desejam, o fim da eleva\u00e7\u00e3o da Selic. <\/p>\n<p>Bras\u00edlia, 17h44min <\/p>\n","protected":false},"excerpt":{"rendered":"<p>O Banco Central deu in\u00edcio hoje a um movimento para convencer os agentes econ\u00f4micos de que o processo de alta da taxa b\u00e1sica de juros (Selic) est\u00e1 pr\u00f3ximo do fim. Desde o in\u00edcio da manh\u00e3, tratou de emitir sinais mostrando seu contentamento com o fato de as proje\u00e7\u00f5es do mercado para a infla\u00e7\u00e3o de 2016 [&hellip;]<\/p>\n","protected":false},"author":22,"featured_media":0,"comment_status":"open","ping_status":"open","sticky":false,"template":"","format":"standard","meta":{"wpb_read_more":[],"footnotes":""},"categories":[1],"tags":[],"class_list":["post-138","post","type-post","status-publish","format-standard","hentry","category-sem-categoria"],"_links":{"self":[{"href":"https:\/\/blogs2.correiobraziliense.com.br\/vicente\/wp-json\/wp\/v2\/posts\/138","targetHints":{"allow":["GET"]}}],"collection":[{"href":"https:\/\/blogs2.correiobraziliense.com.br\/vicente\/wp-json\/wp\/v2\/posts"}],"about":[{"href":"https:\/\/blogs2.correiobraziliense.com.br\/vicente\/wp-json\/wp\/v2\/types\/post"}],"author":[{"embeddable":true,"href":"https:\/\/blogs2.correiobraziliense.com.br\/vicente\/wp-json\/wp\/v2\/users\/22"}],"replies":[{"embeddable":true,"href":"https:\/\/blogs2.correiobraziliense.com.br\/vicente\/wp-json\/wp\/v2\/comments?post=138"}],"version-history":[{"count":0,"href":"https:\/\/blogs2.correiobraziliense.com.br\/vicente\/wp-json\/wp\/v2\/posts\/138\/revisions"}],"wp:attachment":[{"href":"https:\/\/blogs2.correiobraziliense.com.br\/vicente\/wp-json\/wp\/v2\/media?parent=138"}],"wp:term":[{"taxonomy":"category","embeddable":true,"href":"https:\/\/blogs2.correiobraziliense.com.br\/vicente\/wp-json\/wp\/v2\/categories?post=138"},{"taxonomy":"post_tag","embeddable":true,"href":"https:\/\/blogs2.correiobraziliense.com.br\/vicente\/wp-json\/wp\/v2\/tags?post=138"}],"curies":[{"name":"wp","href":"https:\/\/api.w.org\/{rel}","templated":true}]}}