{"id":1382,"date":"2016-06-10T19:01:29","date_gmt":"2016-06-10T22:01:29","guid":{"rendered":"https:\/\/blogs2.correiobraziliense.com.br\/vicente\/?p=1382"},"modified":"2016-06-10T19:58:02","modified_gmt":"2016-06-10T22:58:02","slug":"a-oi-afunda","status":"publish","type":"post","link":"https:\/\/blogs2.correiobraziliense.com.br\/vicente\/a-oi-afunda\/","title":{"rendered":"A Oi afunda"},"content":{"rendered":"<p>Fracassou em Nova York a negocia\u00e7\u00e3o para a reestrutura\u00e7\u00e3o da d\u00edvida da operadora de telefonia Oi, que supera os R$ 52 bilh\u00f5es. Com isso, o presidente da operadora, Bayard Gontijo, deixou a companhia, sendo substitu\u00eddo por Marco Schroeder, atual diretor financeiro, homem ligado ao empreiteiro Sergio Andrade, que foi s\u00f3cio da companhia, e \u00e9 um dos donos da enrolad\u00edssima Andrade Gutierrez, pega na Opera\u00e7\u00e3o Lava-Jato.<\/p>\n","protected":false},"excerpt":{"rendered":"<p>Fracassou em Nova York a negocia\u00e7\u00e3o para a reestrutura\u00e7\u00e3o da d\u00edvida da operadora de telefonia Oi, que supera os R$ 52 bilh\u00f5es. Com isso, o presidente da operadora, Bayard Gontijo, deixou a companhia, sendo substitu\u00eddo por Marco Schroeder, atual diretor financeiro, homem ligado ao empreiteiro Sergio Andrade, que foi s\u00f3cio da companhia, e \u00e9 um [&hellip;]<\/p>\n","protected":false},"author":22,"featured_media":0,"comment_status":"open","ping_status":"closed","sticky":false,"template":"","format":"standard","meta":{"wpb_read_more":[],"footnotes":""},"categories":[1],"tags":[],"class_list":["post-1382","post","type-post","status-publish","format-standard","hentry","category-sem-categoria"],"_links":{"self":[{"href":"https:\/\/blogs2.correiobraziliense.com.br\/vicente\/wp-json\/wp\/v2\/posts\/1382","targetHints":{"allow":["GET"]}}],"collection":[{"href":"https:\/\/blogs2.correiobraziliense.com.br\/vicente\/wp-json\/wp\/v2\/posts"}],"about":[{"href":"https:\/\/blogs2.correiobraziliense.com.br\/vicente\/wp-json\/wp\/v2\/types\/post"}],"author":[{"embeddable":true,"href":"https:\/\/blogs2.correiobraziliense.com.br\/vicente\/wp-json\/wp\/v2\/users\/22"}],"replies":[{"embeddable":true,"href":"https:\/\/blogs2.correiobraziliense.com.br\/vicente\/wp-json\/wp\/v2\/comments?post=1382"}],"version-history":[{"count":3,"href":"https:\/\/blogs2.correiobraziliense.com.br\/vicente\/wp-json\/wp\/v2\/posts\/1382\/revisions"}],"predecessor-version":[{"id":1385,"href":"https:\/\/blogs2.correiobraziliense.com.br\/vicente\/wp-json\/wp\/v2\/posts\/1382\/revisions\/1385"}],"wp:attachment":[{"href":"https:\/\/blogs2.correiobraziliense.com.br\/vicente\/wp-json\/wp\/v2\/media?parent=1382"}],"wp:term":[{"taxonomy":"category","embeddable":true,"href":"https:\/\/blogs2.correiobraziliense.com.br\/vicente\/wp-json\/wp\/v2\/categories?post=1382"},{"taxonomy":"post_tag","embeddable":true,"href":"https:\/\/blogs2.correiobraziliense.com.br\/vicente\/wp-json\/wp\/v2\/tags?post=1382"}],"curies":[{"name":"wp","href":"https:\/\/api.w.org\/{rel}","templated":true}]}}