{"id":1388,"date":"2016-06-11T01:01:46","date_gmt":"2016-06-11T04:01:46","guid":{"rendered":"https:\/\/blogs2.correiobraziliense.com.br\/vicente\/?p=1388"},"modified":"2016-06-11T11:24:04","modified_gmt":"2016-06-11T14:24:04","slug":"constrangido-agora-lewandowski-recusa-gratificacao","status":"publish","type":"post","link":"https:\/\/blogs2.correiobraziliense.com.br\/vicente\/constrangido-agora-lewandowski-recusa-gratificacao\/","title":{"rendered":"Constrangido, agora, Lewandowski recusa gratifica\u00e7\u00e3o"},"content":{"rendered":"<p>Diante da repercuss\u00e3o extremamente negativa da gratifica\u00e7\u00e3o que os ministros do Supremo Tribunal Federal (STF) receberiam para compensar o veto, pelo presidente interino, Michel Temer, do aumento de mais de 16% nos sal\u00e1rios, agora, o presidente da maior Corte do pa\u00eds, Ricardo Lewandowski diz que n\u00e3o concorda com o benef\u00edcio acertado com o Planalto e os ministros da Fazenda, Henrique Meirelles, e do Planejamento, Dyogo de Oliveira.<\/p>\n<p>&nbsp;<\/p>\n<p>Segundo Lewandowski, o mais importante neste momento \u00e9 preservar o reajuste de todos os funcion\u00e1rios do Judici\u00e1rio, que ter\u00e1 repercuss\u00e3o sobre as contas p\u00fablicas ao longo de quatro anos. No total, incluindo todas as categorias que j\u00e1 tiveram aumentos de sal\u00e1rios aprovados pela C\u00e2mara dos Deputados e aquelas que ainda ser\u00e3o contempladas, a corre\u00e7\u00e3o da folha do funcionalismo custar\u00e1 quase R$ 100 bilh\u00f5es at\u00e9 2019. Neste ano, os gastos com os servidores passar\u00e3o de R$ 250 bilh\u00f5es.<\/p>\n<p>&nbsp;<\/p>\n<p>H\u00e1 muitas cr\u00edticas de economistas contra o reajuste de sal\u00e1rios dos servidores. Para o economista Marcos Lisboa, presidente da escola de neg\u00f3cios Insper, \u00e9 &#8220;inadmiss\u00edvel&#8221; falar em aumentos de sal\u00e1rios para uma categoria que tem estabilidade no emprego quando 11,4 milh\u00f5es de trabalhadores da iniciativa privada est\u00e3o desempregados. &#8220;Esses aumentos ser\u00e3o bancados pela eleva\u00e7\u00e3o de impostos, como a CPMF&#8221;, diz.<\/p>\n<p>&nbsp;<\/p>\n<p><em>Bras\u00edlia, 00h01min\u00a0<\/em><\/p>\n","protected":false},"excerpt":{"rendered":"<p>Diante da repercuss\u00e3o extremamente negativa da gratifica\u00e7\u00e3o que os ministros do Supremo Tribunal Federal (STF) receberiam para compensar o veto, pelo presidente interino, Michel Temer, do aumento de mais de 16% nos sal\u00e1rios, agora, o presidente da maior Corte do pa\u00eds, Ricardo Lewandowski diz que n\u00e3o concorda com o benef\u00edcio acertado com o Planalto e [&hellip;]<\/p>\n","protected":false},"author":22,"featured_media":0,"comment_status":"open","ping_status":"closed","sticky":false,"template":"","format":"standard","meta":{"wpb_read_more":[],"footnotes":""},"categories":[1],"tags":[],"class_list":["post-1388","post","type-post","status-publish","format-standard","hentry","category-sem-categoria"],"_links":{"self":[{"href":"https:\/\/blogs2.correiobraziliense.com.br\/vicente\/wp-json\/wp\/v2\/posts\/1388","targetHints":{"allow":["GET"]}}],"collection":[{"href":"https:\/\/blogs2.correiobraziliense.com.br\/vicente\/wp-json\/wp\/v2\/posts"}],"about":[{"href":"https:\/\/blogs2.correiobraziliense.com.br\/vicente\/wp-json\/wp\/v2\/types\/post"}],"author":[{"embeddable":true,"href":"https:\/\/blogs2.correiobraziliense.com.br\/vicente\/wp-json\/wp\/v2\/users\/22"}],"replies":[{"embeddable":true,"href":"https:\/\/blogs2.correiobraziliense.com.br\/vicente\/wp-json\/wp\/v2\/comments?post=1388"}],"version-history":[{"count":1,"href":"https:\/\/blogs2.correiobraziliense.com.br\/vicente\/wp-json\/wp\/v2\/posts\/1388\/revisions"}],"predecessor-version":[{"id":1389,"href":"https:\/\/blogs2.correiobraziliense.com.br\/vicente\/wp-json\/wp\/v2\/posts\/1388\/revisions\/1389"}],"wp:attachment":[{"href":"https:\/\/blogs2.correiobraziliense.com.br\/vicente\/wp-json\/wp\/v2\/media?parent=1388"}],"wp:term":[{"taxonomy":"category","embeddable":true,"href":"https:\/\/blogs2.correiobraziliense.com.br\/vicente\/wp-json\/wp\/v2\/categories?post=1388"},{"taxonomy":"post_tag","embeddable":true,"href":"https:\/\/blogs2.correiobraziliense.com.br\/vicente\/wp-json\/wp\/v2\/tags?post=1388"}],"curies":[{"name":"wp","href":"https:\/\/api.w.org\/{rel}","templated":true}]}}