{"id":13905,"date":"2020-04-22T13:20:54","date_gmt":"2020-04-22T16:20:54","guid":{"rendered":"https:\/\/blogs2.correiobraziliense.com.br\/vicente\/?p=13905"},"modified":"2020-04-22T17:31:37","modified_gmt":"2020-04-22T20:31:37","slug":"fitch-dobra-previsao-de-queda-de-pib-do-brasil-em-2020","status":"publish","type":"post","link":"https:\/\/blogs2.correiobraziliense.com.br\/vicente\/fitch-dobra-previsao-de-queda-de-pib-do-brasil-em-2020\/","title":{"rendered":"Fitch dobra previs\u00e3o de queda de PIB do Brasil em 2020"},"content":{"rendered":"<h2><span style=\"font-weight: 400\">ROSANA HESSEL<\/span><\/h2>\n<p>&nbsp;<\/p>\n<h2><span style=\"font-weight: 400\">Em menos de um m\u00eas, a Fitch Ratings dobrou a previs\u00e3o de queda do Produto Interno Bruto (PIB) do Brasil em 2020. Passou a prever retra\u00e7\u00e3o de 4% neste ano, conforme novo relat\u00f3rio da ag\u00eancia de classifica\u00e7\u00e3o de risco norte-americana divulgado nesta quarta-feira (22\/04). O anterior, de 2 de abril, previa recuo de 2%.<\/span><\/h2>\n<h2><\/h2>\n<p><span style=\"font-weight: 400\">Apesar da piora nas previs\u00f5es para a economia brasileira, a Fitch est\u00e1 mais otimista do que o Fundo Monet\u00e1rio Internacional (FMI), que espera recuo de 5,3% no PIB do Brasil, neste ano, devido \u00e0 recess\u00e3o que est\u00e1 sendo provocada pela pandemia de Covid-19.\u00a0\u00a0<\/span><span style=\"font-weight: 400\">Em rela\u00e7\u00e3o ao PIB global, no entanto, a ag\u00eancia norte-americana ficou mais pessimista do que o Fundo, porque prev\u00ea contra\u00e7\u00e3o de 3,9%, enquanto o organismo multilateral estima recuo de 3%.<\/span><\/p>\n<p>&nbsp;<\/p>\n<p>Ao comentar sobre a nova previs\u00e3o de queda de 3,9% no PIB mundial,\u00a0Brian Coulton, economista-chefe da Fitch Ratings, classificou a recess\u00e3o global como &#8220;sem precedentes no per\u00edodo p\u00f3s-guerra&#8221;. &#8220;Isso \u00e9 duas vezes maior que o decl\u00ednio previsto em nossa atualiza\u00e7\u00e3o relat\u00f3rio no in\u00edcio de abril e seria duas vezes mais severo que a recess\u00e3o de 2009&#8221;, comparou.<\/p>\n<p>&nbsp;<\/p>\n<p>Pelos c\u00e1lculos da Fitch, esse decl\u00ednio equivale a uma perda de US$ 2,8 trilh\u00f5es nos n\u00edveis de renda global em rela\u00e7\u00e3o a 2019 e uma queda de US$ 4,5 trilh\u00f5es em rela\u00e7\u00e3o \u00e0s nossas expectativas pr\u00e9-v\u00edrus em rela\u00e7\u00e3o ao PIB global em 2020.<\/p>\n<p>&nbsp;<\/p>\n<p><span style=\"font-weight: 400\">A ag\u00eancia ainda espera um tombo de 5,6% na atividade dos Estados Unidos e recuo de 7% no PIB da Zona do Euro, em fun\u00e7\u00e3o da desacelera\u00e7\u00e3o global devido \u00e0 pandemia provocada pelo novo coronav\u00edrus. No relat\u00f3rio anterior, a ag\u00eancia previa contra\u00e7\u00e3o do PIB global de 1,9% em 2020, com os Estados Unidos encolhendo 3,3% e a eurozona recuando 4,2%.<\/span><\/p>\n<p>&nbsp;<\/p>\n<p>As proje\u00e7\u00f5es para a China da Fitch tamb\u00e9m est\u00e3o mais pessimistas do que as do FMI, pois a ag\u00eancia prev\u00ea crescimento de apenas 0,7% na economia chinesa enquanto o Fundo espera avan\u00e7o de 1,2%.<\/p>\n<p>&nbsp;<\/p>\n<p><b>Preocupa\u00e7\u00e3o com fiscal<\/b><\/p>\n<p>&nbsp;<\/p>\n<p><span style=\"font-weight: 400\">O ministro da Economia, Paulo Guedes, junto com o secret\u00e1rio do Tesouro Nacional, Mansueto Almeida, e t\u00e9cnicos do \u00f3rg\u00e3o realizam uma teleconfer\u00eancia com executivos da Fitch, liderados por Shelly Shetty, diretora e co-head para a an\u00e1lise de t\u00edtulos soberanos das Am\u00e9ricas da ag\u00eancia.\u00a0\u00a0<\/span><\/p>\n<p>&nbsp;<\/p>\n<p><span style=\"font-weight: 400\">Pela lista dos t\u00e9cnicos que participam do encontro o assunto da pauta certamente ser\u00e1 o fiscal, que de acordo as \u00faltimas declara\u00e7\u00f5es de Mansueto dever\u00e1 piorar, com a d\u00edvida p\u00fablica bruta subir para 85% a 90% do PIB no fim deste ano. J\u00e1 o FMI estima que<\/span>\u00a0a d\u00edvida p\u00fablica do pa\u00eds fique em 98,2% do PIB, neste ano e no pr\u00f3ximo. O<\/p>\n<p>&nbsp;<\/p>\n<p>A preocupa\u00e7\u00e3o com o descontrole nas contas p\u00fablicas \u00e9 grande entre analistas, porque o pa\u00eds j\u00e1 n\u00e3o vinha conseguindo crescer nos \u00faltimos anos em ritmo mais robusto e, com a nova recess\u00e3o sendo formada, a recupera\u00e7\u00e3o ser\u00e1 muito mais desafiadora.\u00a0 Na avalia\u00e7\u00e3o do economista-chefe para a Am\u00e9rica Latina do Goldman Sachs, Alberto Ramos, a d\u00edvida p\u00fablica bruta do governo brasileiro dever\u00e1 ultrapassar 90% do PIB, com o d\u00e9ficit prim\u00e1rio chegando em 10% do PIB, ou seja, algo entre R$ 710 bilh\u00f5es a R$ 730 bilh\u00f5es, considerando as estimativas do mercado para o PIB deste ano. J\u00e1\u00a0 deficit nominal, que inclui a conta de juros, dever\u00e1 ficar em 15% do PIB.<\/p>\n<p>&nbsp;<\/p>\n<p>Com esse cen\u00e1rio para l\u00e1 de ruim para as contas p\u00fablicas, na avalia\u00e7\u00e3o de Ramos, o pa\u00eds ter\u00e1 muita dificuldade de conseguir crescer p\u00f3s-pandemia.\u00a0 \u201cA din\u00e2mica de recupera\u00e7\u00e3o \u00e9 incerta e n\u00e3o h\u00e1 precedentes de como a economia vai reagir quando houver um controle maior na crise que vai ter muitas empresas fechando as portas e isso poder\u00e1 retardar a retomada\u201d, alertou.<\/p>\n<p>&nbsp;<\/p>\n<p><span style=\"font-weight: 400\">O economista do Goldman lembrou ainda que, no caso do Brasil, o crescimento da economia j\u00e1 vinha sendo &#8220;med\u00edocre&#8221;, porque o governo n\u00e3o conseguiu fazer uma ajuste fiscal de verdade ap\u00f3s a recess\u00e3o de 2015 e 2016. Entre 2017 e 2019, o PIB brasileiro cresceu em torno de 1% ao ano.\u00a0 \u201cO Brasil j\u00e1 n\u00e3o tinha espa\u00e7o fiscal para estimular a economia ap\u00f3s a reforma da Previd\u00eancia, aprovada no ano passado.\u00a0 O ajuste efetivo nas despesas ainda n\u00e3o foi feito e, agora, obviamente, o governo precisar\u00e1 gastar muito mais. Logo, o quadro fiscal tende a piorar e pa\u00eds continuar\u00e1 sem for\u00e7a para voltar a crescer ap\u00f3s essa crise\u201d, resumiu Ramos.<\/span><\/p>\n<p>&nbsp;<\/p>\n<p>Pela classifica\u00e7\u00e3o da Fitch, os t\u00edtulos soberanos do Brasil em moeda estrangeira est\u00e3o com nota BB-, parecida com a Standard &amp; Poor&#8217;s, e a tr\u00eas degraus abaixo do n\u00edvel de investimento. A avalia\u00e7\u00e3o para o selo de bom pagador \u00e9 de BBB- e acima disso.\u00a0 Abaixo desse patamar, o risco de calote dos papeis \u00e9 considerado elevado e os t\u00edtulos ficam classificados como &#8220;lixo&#8221;.<\/p>\n<p>&nbsp;<\/p>\n<p>&nbsp;<\/p>\n<p>&nbsp;<\/p>\n<p>&nbsp;<\/p>\n<p>&nbsp;<\/p>\n","protected":false},"excerpt":{"rendered":"<p>ROSANA HESSEL &nbsp; Em menos de um m\u00eas, a Fitch Ratings dobrou a previs\u00e3o de queda do Produto Interno Bruto (PIB) do Brasil em 2020. Passou a prever retra\u00e7\u00e3o de 4% neste ano, conforme novo relat\u00f3rio da ag\u00eancia de classifica\u00e7\u00e3o de risco norte-americana divulgado nesta quarta-feira (22\/04). O anterior, de 2 de abril, previa recuo [&hellip;]<\/p>\n","protected":false},"author":22,"featured_media":0,"comment_status":"open","ping_status":"closed","sticky":false,"template":"","format":"standard","meta":{"wpb_read_more":[],"footnotes":""},"categories":[600],"tags":[378,589,4585,58,2803],"class_list":["post-13905","post","type-post","status-publish","format-standard","hentry","category-economia","tag-brasil","tag-economia","tag-fitch-ratings","tag-pib","tag-risco"],"_links":{"self":[{"href":"https:\/\/blogs2.correiobraziliense.com.br\/vicente\/wp-json\/wp\/v2\/posts\/13905","targetHints":{"allow":["GET"]}}],"collection":[{"href":"https:\/\/blogs2.correiobraziliense.com.br\/vicente\/wp-json\/wp\/v2\/posts"}],"about":[{"href":"https:\/\/blogs2.correiobraziliense.com.br\/vicente\/wp-json\/wp\/v2\/types\/post"}],"author":[{"embeddable":true,"href":"https:\/\/blogs2.correiobraziliense.com.br\/vicente\/wp-json\/wp\/v2\/users\/22"}],"replies":[{"embeddable":true,"href":"https:\/\/blogs2.correiobraziliense.com.br\/vicente\/wp-json\/wp\/v2\/comments?post=13905"}],"version-history":[{"count":8,"href":"https:\/\/blogs2.correiobraziliense.com.br\/vicente\/wp-json\/wp\/v2\/posts\/13905\/revisions"}],"predecessor-version":[{"id":13920,"href":"https:\/\/blogs2.correiobraziliense.com.br\/vicente\/wp-json\/wp\/v2\/posts\/13905\/revisions\/13920"}],"wp:attachment":[{"href":"https:\/\/blogs2.correiobraziliense.com.br\/vicente\/wp-json\/wp\/v2\/media?parent=13905"}],"wp:term":[{"taxonomy":"category","embeddable":true,"href":"https:\/\/blogs2.correiobraziliense.com.br\/vicente\/wp-json\/wp\/v2\/categories?post=13905"},{"taxonomy":"post_tag","embeddable":true,"href":"https:\/\/blogs2.correiobraziliense.com.br\/vicente\/wp-json\/wp\/v2\/tags?post=13905"}],"curies":[{"name":"wp","href":"https:\/\/api.w.org\/{rel}","templated":true}]}}