{"id":13961,"date":"2020-04-25T20:20:49","date_gmt":"2020-04-25T23:20:49","guid":{"rendered":"https:\/\/blogs2.correiobraziliense.com.br\/vicente\/?p=13961"},"modified":"2020-04-25T20:20:49","modified_gmt":"2020-04-25T23:20:49","slug":"jornal-confirma-o-que-publicamos-na-quinta-pf-perto-de-pegar-carlos-bolsonaro","status":"publish","type":"post","link":"https:\/\/blogs2.correiobraziliense.com.br\/vicente\/jornal-confirma-o-que-publicamos-na-quinta-pf-perto-de-pegar-carlos-bolsonaro\/","title":{"rendered":"Jornal confirma o que publicamos na quinta: PF perto de pegar Carlos Bolsonaro"},"content":{"rendered":"<p>Mat\u00e9ria publicada neste s\u00e1bado (25\/4) pela <em>Folha de S. Paulo<\/em> confirma o que noticiou este<strong> blog<\/strong> na quinta-feira (23\/4): a <strong>Pol\u00edcia Federal<\/strong> est\u00e1 perto de comprovar o envolvimento de <strong>Carlos Bolsonaro<\/strong>, o filho 03 do presidente Jair Bolsonaro, com o disparo ilegal de not\u00edcias falsas.<\/p>\n<p>O jornal paulista teve acesso a um inqu\u00e9rito sigiloso conduzido pelo Supremo Tribunal Federal (STF) no qual a Pol\u00edcia Federal identifica o vereador Carlos Bolsonaro como um dos articuladores de um esquema de <strong>fake news<\/strong>.<\/p>\n<p>Este <strong>blog<\/strong> <a href=\"https:\/\/blogs2.correiobraziliense.com.br\/vicente\/pf-esta-proxima-de-pegar-carlos-bolsonaro-por-fake-news\/\">apurou e noticiou na quinta-feira<\/a> que os policiais envolvidos na opera\u00e7\u00e3o garantem que o filho do presidente \u00e9 o mentor de todos os ataques que foram disparados contra o Supremo e contra o Congresso.<\/p>\n<p>No mesmo dia, Bolsonaro manifestou a Sergio Moro a decis\u00e3o de trocar o comando da PF, dando in\u00edcio \u00e0 crise que levou ao pedido de demiss\u00e3o do agora ex-ministro da Justi\u00e7a, ocorrida na sexta-feira.<\/p>\n<p>Carlos Bolsonaro usou as redes sociais para comentar a mat\u00e9ria deste blog na quinta-feira. O vereador respondeu a postagem da mat\u00e9ria no Facebook do <strong>Correio<\/strong> com a frase: &#8220;Teu cu&#8221;.<\/p>\n<p>O nome apresentado por Bolsonaro e n\u00e3o aceito por Moro para assumir a PF \u00e9 o do <a href=\"https:\/\/www.correiobraziliense.com.br\/app\/noticia\/politica\/2020\/04\/25\/interna_politica,848156\/chefe-da-abin-e-o-favorito-para-assumir-o-comando-da-policia-federal.shtml\" target=\"_blank\" rel=\"noopener\">diretor-geral da Ag\u00eancia Brasileira de Intelig\u00eancia (Abin), Alexandre Ramagem<\/a>, que \u00e9 pr\u00f3ximo de Carlos e dos outros filhos do presidente. Circulam nas redes sociais fotos de Carlos e Ramagem juntos.<\/p>\n<p>&nbsp;<\/p>\n<p><a href=\"https:\/\/www.instagram.com\/p\/B_ayDz3Jxyt\/?utm_source=ig_web_copy_link\">https:\/\/www.instagram.com\/p\/B_ayDz3Jxyt\/?utm_source=ig_web_copy_link<\/a><\/p>\n","protected":false},"excerpt":{"rendered":"<p>Mat\u00e9ria publicada neste s\u00e1bado (25\/4) pela Folha de S. Paulo confirma o que noticiou este blog na quinta-feira (23\/4): a Pol\u00edcia Federal est\u00e1 perto de comprovar o envolvimento de Carlos Bolsonaro, o filho 03 do presidente Jair Bolsonaro, com o disparo ilegal de not\u00edcias falsas. O jornal paulista teve acesso a um inqu\u00e9rito sigiloso conduzido [&hellip;]<\/p>\n","protected":false},"author":22,"featured_media":13962,"comment_status":"open","ping_status":"closed","sticky":false,"template":"","format":"standard","meta":{"wpb_read_more":[],"footnotes":""},"categories":[600],"tags":[],"class_list":["post-13961","post","type-post","status-publish","format-standard","has-post-thumbnail","hentry","category-economia"],"_links":{"self":[{"href":"https:\/\/blogs2.correiobraziliense.com.br\/vicente\/wp-json\/wp\/v2\/posts\/13961","targetHints":{"allow":["GET"]}}],"collection":[{"href":"https:\/\/blogs2.correiobraziliense.com.br\/vicente\/wp-json\/wp\/v2\/posts"}],"about":[{"href":"https:\/\/blogs2.correiobraziliense.com.br\/vicente\/wp-json\/wp\/v2\/types\/post"}],"author":[{"embeddable":true,"href":"https:\/\/blogs2.correiobraziliense.com.br\/vicente\/wp-json\/wp\/v2\/users\/22"}],"replies":[{"embeddable":true,"href":"https:\/\/blogs2.correiobraziliense.com.br\/vicente\/wp-json\/wp\/v2\/comments?post=13961"}],"version-history":[{"count":1,"href":"https:\/\/blogs2.correiobraziliense.com.br\/vicente\/wp-json\/wp\/v2\/posts\/13961\/revisions"}],"predecessor-version":[{"id":13963,"href":"https:\/\/blogs2.correiobraziliense.com.br\/vicente\/wp-json\/wp\/v2\/posts\/13961\/revisions\/13963"}],"wp:featuredmedia":[{"embeddable":true,"href":"https:\/\/blogs2.correiobraziliense.com.br\/vicente\/wp-json\/wp\/v2\/media\/13962"}],"wp:attachment":[{"href":"https:\/\/blogs2.correiobraziliense.com.br\/vicente\/wp-json\/wp\/v2\/media?parent=13961"}],"wp:term":[{"taxonomy":"category","embeddable":true,"href":"https:\/\/blogs2.correiobraziliense.com.br\/vicente\/wp-json\/wp\/v2\/categories?post=13961"},{"taxonomy":"post_tag","embeddable":true,"href":"https:\/\/blogs2.correiobraziliense.com.br\/vicente\/wp-json\/wp\/v2\/tags?post=13961"}],"curies":[{"name":"wp","href":"https:\/\/api.w.org\/{rel}","templated":true}]}}