{"id":13964,"date":"2020-04-27T13:33:56","date_gmt":"2020-04-27T16:33:56","guid":{"rendered":"https:\/\/blogs2.correiobraziliense.com.br\/vicente\/?p=13964"},"modified":"2020-04-27T13:33:56","modified_gmt":"2020-04-27T16:33:56","slug":"o-calculo-da-irresponsabilidade","status":"publish","type":"post","link":"https:\/\/blogs2.correiobraziliense.com.br\/vicente\/o-calculo-da-irresponsabilidade\/","title":{"rendered":"O c\u00e1lculo da irresponsabilidade"},"content":{"rendered":"<p>LUIZ CALCAGNO<\/p>\n<p>A demiss\u00e3o de S\u00e9rgio Moro do governo retirou o foco das aten\u00e7\u00f5es do coronav\u00edrus temporariamente. O n\u00famero de mortos, por\u00e9m, n\u00e3o para de crescer. Para avaliar esse aumento em compara\u00e7\u00e3o com a postura do Executivo federal \u00e9 importante lembrar de um fato recente, mas quase esquecido ante o ac\u00famulo de crises pol\u00edticas que o Brasil acumulou no correr das \u00faltimas semanas. Trata-se da conflu\u00eancia de for\u00e7as que levou \u00e0 exonera\u00e7\u00e3o do ent\u00e3o ministro da Sa\u00fade, Luiz Henrique Mandetta em 16 de abril (\u00e0 \u00e9poca, o pa\u00eds acumulava 1924 mortes por coronav\u00edrus).<\/p>\n<p>&nbsp;<\/p>\n<p>Que as articula\u00e7\u00f5es contaram, at\u00e9 mesmo, com conspira\u00e7\u00f5es entre ministros pertencentes \u00e0 ala mais radical do governo, isso \u00e9 p\u00fablico e not\u00f3rio. Mas, \u00e9 importante, para jogar luz sobre as mortes e sobre a relev\u00e2ncia que o governo d\u00e1 \u00e0s v\u00edtimas, revisitar as expectativas do grupo olavista em rela\u00e7\u00e3o ao coronav\u00edrus quando Mandetta ainda mantinha-se firme no cargo \u00e0 despeito do ci\u00fame infantil e do negacionismo t\u00e1citos do presidente da Rep\u00fablica e seguidores.<\/p>\n<p>&nbsp;<\/p>\n<p>Quando o ministro da Cidadania de Jair Bolsonaro, Onyx Lorenzoni, e o ex-ministro da mesma pasta, Osmar Terra, foram flagrados conspirando contra Mandetta, fizeram, tamb\u00e9m, as pr\u00f3prias proje\u00e7\u00f5es do n\u00famero de mortos. Onyx falou em 4 mil pessoas, e Terra, entre 3 mil e 4 mil. As expectativas de ambos, evidenciou, na virada deste domingo (26\/4), para segunda (27), o alinhamento da dupla com a tese bolsonarista da \u201cgripezinha\u201d. E refor\u00e7a essa percep\u00e7\u00e3o o fato de terem errado. Para acertarem, o pa\u00eds precisava ter passado pelo pico de contamina\u00e7\u00f5es e mortes, que ainda n\u00e3o chegou. O n\u00famero de mais, m\u00e3es, filhos, tios, irm\u00e3os e av\u00f3s mortos chegou a 4.205 e continua a crescer.<\/p>\n<p>&nbsp;<\/p>\n<p>Surpreende que tanto Onyx quanto Terra tenham forma\u00e7\u00e3o profissional com forte presen\u00e7a do m\u00e9todo cient\u00edfico nos respectivos cursos superiores. O primeiro se formou em veterin\u00e1ria, e o segundo \u00e9 m\u00e9dico. Ainda assim, os dois insistiram em negar e menosprezar, tal qual Jair Bolsonaro, as recomenda\u00e7\u00f5es do Minist\u00e9rio da Sa\u00fade e da Organiza\u00e7\u00e3o Mundial de Sa\u00fade (OMS), pelo isolamento social, al\u00e9m das informa\u00e7\u00f5es oficiais de outros pa\u00edses, como It\u00e1lia e Espanha, que menosprezaram a estrat\u00e9gia e pagaram pelo erro com milhares de mortos a mais e um preju\u00edzo econ\u00f4mico ainda maior do que enfrentariam se tivessem isolado a popula\u00e7\u00e3o mais cedo para enfrentar a pandemia.<\/p>\n<p>&nbsp;<\/p>\n<p>E n\u00e3o \u00e9 apenas que o n\u00famero de mortos passou em 205 pessoas mortas as piores expectativas de Onyx Lorenzoni e Osmar Terra. Conforme consta no Painel coronav\u00edrus, divulgado oficialmente pelo Minist\u00e9rio da Sa\u00fade, agora sob a batuta do oncologista Nelson Teich, a primeira morte por coronav\u00edrus no Brasil ocorreu em 17 de mar\u00e7o. No dia 29 do mesmo m\u00eas, isto \u00e9, 12 dias depois, o n\u00famero de pessoas mortas chegou a 114 e, em 10 de abril, passados 24 dias da primeira morte, o c\u00e1lculo chegou a 1.054.<\/p>\n<p>&nbsp;<\/p>\n<p>A conspira\u00e7\u00e3o de Onyx e Terra veio \u00e0 tona ap\u00f3s um rep\u00f3rter ligar para o m\u00e9dico, deputado e ex-ministro na manh\u00e3 de 9 de abril, uma quinta-feira. Ele atendeu o profissional, mas n\u00e3o falou nada e nem desligou o aparelho, e o jornalista escutou a conversa da dupla. Na data, o n\u00famero de mortos pelo coronav\u00edrus estava em 941. Um dia depois, chegaria a 1054. E, se o Brasil levou 24 dias para passar de um para mais de mil mortos, em apenas sete dias (oito a contar da conversa entre os ministros), o n\u00famero de pessoas que perderam a vida pelo v\u00edrus chegou a 2.141, marca registrada em 17 de abril. Em resumo, de 24 dias, o intervalo de tempo a cada mil mortos caiu para sete.<\/p>\n<p>&nbsp;<\/p>\n<p>Na sequ\u00eancia, esse intervalo de tempo voltou a estreitar-se. Em 22 de abril, cinco dias depois, o n\u00famero de pessoas mortas chegou a 3.313. Apenas tr\u00eas dias depois, no s\u00e1bado (25), o Brasil chegou \u00e0 marca dos 4.016 mortos, j\u00e1 desmentindo as confabula\u00e7\u00f5es bolsonaristas de Onyx, Terra e demais olavistas. N\u00e3o \u00e9 preciso ser matem\u00e1tico para entender que o intervalo de tempo necess\u00e1rio para cada mil mortos caiu de 24 dias para apenas tr\u00eas, que pode diminuir ainda mais, e o risco que isso representa para a popula\u00e7\u00e3o. Algumas figuras do governo e, tamb\u00e9m, apoiadores deveriam ir \u00e0 p\u00fablico para, no m\u00ednimo, pedir desculpas pela politiza\u00e7\u00e3o dos fatos.<\/p>\n<p>&nbsp;<\/p>\n<p>E a moral da hist\u00f3ria \u00e9 que a ci\u00eancia caminha baseada, justamente, em fatos. E os fatos s\u00e3o neutros, selvagens, e n\u00e3o levam em conta a posi\u00e7\u00e3o pol\u00edtica ou os desejos de quem pretendem devorar e dos que os enxergam. Fechar os olhos para o que acontece, por outro lado, pode levar \u00e0 decis\u00f5es equivocadas e a mais mortes. Ignorar os fatos \u00e9 o mesmo que fechar os olhos ao atravessar a rua, acreditando que, por n\u00e3o v\u00ea-lo, o caminh\u00e3o n\u00e3o poder\u00e1 atingi-lo. Fica o recado para governadores que falam em reabrir o com\u00e9rcio enquanto o n\u00famero de v\u00edtimas e contaminados acelera curva acima.<\/p>\n<p>&nbsp;<\/p>\n<p>E um adendo para fechar: as somas apresentadas assustam, mas, por falta de testes, \u00e9 seguro afirmar que o n\u00famero de contaminados e mortos no pa\u00eds ainda \u00e9 maior do que o levantamento do Minist\u00e9rio da Sa\u00fade mostra.<\/p>\n","protected":false},"excerpt":{"rendered":"<p>LUIZ CALCAGNO A demiss\u00e3o de S\u00e9rgio Moro do governo retirou o foco das aten\u00e7\u00f5es do coronav\u00edrus temporariamente. O n\u00famero de mortos, por\u00e9m, n\u00e3o para de crescer. Para avaliar esse aumento em compara\u00e7\u00e3o com a postura do Executivo federal \u00e9 importante lembrar de um fato recente, mas quase esquecido ante o ac\u00famulo de crises pol\u00edticas que [&hellip;]<\/p>\n","protected":false},"author":22,"featured_media":0,"comment_status":"open","ping_status":"closed","sticky":false,"template":"","format":"standard","meta":{"wpb_read_more":[],"footnotes":""},"categories":[600],"tags":[],"class_list":["post-13964","post","type-post","status-publish","format-standard","hentry","category-economia"],"_links":{"self":[{"href":"https:\/\/blogs2.correiobraziliense.com.br\/vicente\/wp-json\/wp\/v2\/posts\/13964","targetHints":{"allow":["GET"]}}],"collection":[{"href":"https:\/\/blogs2.correiobraziliense.com.br\/vicente\/wp-json\/wp\/v2\/posts"}],"about":[{"href":"https:\/\/blogs2.correiobraziliense.com.br\/vicente\/wp-json\/wp\/v2\/types\/post"}],"author":[{"embeddable":true,"href":"https:\/\/blogs2.correiobraziliense.com.br\/vicente\/wp-json\/wp\/v2\/users\/22"}],"replies":[{"embeddable":true,"href":"https:\/\/blogs2.correiobraziliense.com.br\/vicente\/wp-json\/wp\/v2\/comments?post=13964"}],"version-history":[{"count":1,"href":"https:\/\/blogs2.correiobraziliense.com.br\/vicente\/wp-json\/wp\/v2\/posts\/13964\/revisions"}],"predecessor-version":[{"id":13965,"href":"https:\/\/blogs2.correiobraziliense.com.br\/vicente\/wp-json\/wp\/v2\/posts\/13964\/revisions\/13965"}],"wp:attachment":[{"href":"https:\/\/blogs2.correiobraziliense.com.br\/vicente\/wp-json\/wp\/v2\/media?parent=13964"}],"wp:term":[{"taxonomy":"category","embeddable":true,"href":"https:\/\/blogs2.correiobraziliense.com.br\/vicente\/wp-json\/wp\/v2\/categories?post=13964"},{"taxonomy":"post_tag","embeddable":true,"href":"https:\/\/blogs2.correiobraziliense.com.br\/vicente\/wp-json\/wp\/v2\/tags?post=13964"}],"curies":[{"name":"wp","href":"https:\/\/api.w.org\/{rel}","templated":true}]}}