{"id":13968,"date":"2020-04-28T14:26:26","date_gmt":"2020-04-28T17:26:26","guid":{"rendered":"https:\/\/blogs2.correiobraziliense.com.br\/vicente\/?p=13968"},"modified":"2020-04-28T14:26:26","modified_gmt":"2020-04-28T17:26:26","slug":"moodys-esta-mais-otimista-com-brasil-do-que-fmi","status":"publish","type":"post","link":"https:\/\/blogs2.correiobraziliense.com.br\/vicente\/moodys-esta-mais-otimista-com-brasil-do-que-fmi\/","title":{"rendered":"Moody&#8217;s est\u00e1 mais otimista com Brasil do que FMI"},"content":{"rendered":"<p><span style=\"font-weight: 400\">ROSANA HESSEL<\/span><\/p>\n<p>&nbsp;<\/p>\n<p><span style=\"font-weight: 400\">A ag\u00eancia de classifica\u00e7\u00e3o de risco norte-americana Moody\u2019s est\u00e1 levemente mais otimista que o Fundo Monet\u00e1rio Internacional (FMI) em rela\u00e7\u00e3o \u00e0 economia brasileira. A entidade revisou as proje\u00e7\u00f5es devido aos impactos da pandemia da Covid-19 na economia global e agora prev\u00ea retra\u00e7\u00e3o de 5,2% no Produto Interno Bruto (PIB) do Brasil, em 2020, e expans\u00e3o de 3,3%, em 2021. J\u00e1 o Fundo, estima tombo na atividade nacional de 5,3%, em 2020, e alta de 2,9%, no ano que vem. <\/span><\/p>\n<p>&nbsp;<\/p>\n<p><span style=\"font-weight: 400\">As<\/span><span style=\"font-weight: 400\">\u00a0previs\u00f5es da ag\u00eancia para o crescimento do pa\u00eds eram de 1,8%, em 2020, e de 3%, em 2021. A institui\u00e7\u00e3o ainda prev\u00ea que<\/span><span style=\"font-weight: 400\"> a economia dos Estados Unidos dever\u00e1 encolher 5,7% e a China crescer\u00e1 apenas 1%. Em 2021, a expans\u00e3o nesses dois pa\u00edses ser\u00e1 de 4,5% e de 7,1%, respectivamente.<\/span><\/p>\n<p>&nbsp;<\/p>\n<p><span style=\"font-weight: 400\">As novas proje\u00e7\u00f5es fazem parte de relat\u00f3rio da Moody\u2019s sobre as perspectivas para o G20, grupo das 19 maiores economias economias do planeta, mais a Uni\u00e3o Europeia, divulgado nesta ter\u00e7a-feira (28\/04). A ag\u00eancia estima retra\u00e7\u00e3o de 1%, nos pa\u00edses emergentes, e de 5,8%, nos desenvolvidos, neste ano. <\/span><\/p>\n<p>&nbsp;<\/p>\n<p><span style=\"font-weight: 400\">Entre as na\u00e7\u00f5es em desenvolvimento, o M\u00e9xico dever\u00e1 registrar a maior taxa de queda, de 7%, em 2020. J\u00e1 a It\u00e1lia est\u00e1 com a pior previs\u00e3o para o PIB, com retra\u00e7\u00e3o de 8,2%. \u201cA crise do coronav\u00edrus ter\u00e1 ramifica\u00e7\u00f5es para a integra\u00e7\u00e3o da economia mundial e as rela\u00e7\u00f5es comerciais no longo prazo. \u00c9 prov\u00e1vel que alguns pa\u00edses incentivem a produ\u00e7\u00e3o dom\u00e9stica de equipamentos m\u00e9dicos e outros bens essenciais\u201d, destacou o relat\u00f3rio.<\/span><\/p>\n<p>&nbsp;<\/p>\n<p><span style=\"font-weight: 400\">Ao atualizar as proje\u00e7\u00f5es, a Moody&#8217;s informou que calcula \u201cdanos graves \u00e0 economia real, com o potencial de o choque rapidamente se transformar em uma profunda crise financeira que seria muito pior em escala e escopo do que a crise financeira global de 2008-2009\u201d. \u201cEsse choque pode mudar fundamentalmente os padr\u00f5es de consumo, como viagens, que podem levar a uma reorganiza\u00e7\u00e3o em larga escala das estruturas econ\u00f4micas ao longo do tempo. \u00c9 prov\u00e1vel que haja uma grande destrui\u00e7\u00e3o em setores como lazer, hospitalidade, viagens e varejo.\u201d<\/span><\/p>\n<p>&nbsp;<\/p>\n<p><strong>Petr\u00f3leo em queda<\/strong><\/p>\n<p>&nbsp;<\/p>\n<p><span style=\"font-weight: 400\">Em outro relat\u00f3rio divulgado hoje, a Moody\u2019s refor\u00e7ou que a recess\u00e3o global vai manter os pre\u00e7os do petr\u00f3leo baixos at\u00e9 2021. A ag\u00eancia prev\u00ea que o barril do West Texas Intermediate (WTI), refer\u00eancia do mercado dos Estados Unidos, dever\u00e1 encerrar o ano a US$ 30, passando para US$ 40, em 2021. J\u00e1 o petr\u00f3leo tipo Brent, negociado em Londres e padr\u00e3o para o mercado internacional, inclusive, o do Brasil, ficar\u00e1 em US$ 35 o barril, neste ano, e em US$ 45, no ano que vem, devido \u00e0 fraca demanda.<\/span><\/p>\n<p>&nbsp;<\/p>\n<p><span style=\"font-weight: 400\">&#8220;Os pre\u00e7os de curto prazo continuar\u00e3o excepcionalmente baixos at\u00e9 que a produ\u00e7\u00e3o caia o suficiente para aliviar a press\u00e3o sobre as instala\u00e7\u00f5es de armazenamento que j\u00e1 operam com capacidade quase total\u201d, comentou Elena Nadtotchi, vice-presidente s\u00eanior de cr\u00e9dito da Moody&#8217;s. \u201cAjustes significativos da oferta no devido tempo devem ajudar a equilibrar o mercado no final de 2020, mas o ritmo do reequil\u00edbrio do mercado e do aumento dos pre\u00e7os do petr\u00f3leo depender\u00e1 da recupera\u00e7\u00e3o da demanda\u201d, complementou.<\/span><\/p>\n<p>&nbsp;<\/p>\n<p>&nbsp;<\/p>\n<p><strong>Veja abaixo as novas proje\u00e7\u00f5es da Moody&#8217;s para o G20:<\/strong><\/p>\n<p>&nbsp;<\/p>\n<p><a href=\"https:\/\/blogs2.correiobraziliense.com.br\/vicente\/wp-content\/uploads\/sites\/16\/2020\/04\/unnamed-1.png\"><img loading=\"lazy\" decoding=\"async\" class=\"alignnone size-full wp-image-13970\" src=\"https:\/\/blogs2.correiobraziliense.com.br\/vicente\/wp-content\/uploads\/sites\/16\/2020\/04\/unnamed-1.png\" alt=\"\" width=\"751\" height=\"544\" srcset=\"https:\/\/blogs2.correiobraziliense.com.br\/vicente\/wp-content\/uploads\/sites\/16\/2020\/04\/unnamed-1.png 751w, https:\/\/blogs2.correiobraziliense.com.br\/vicente\/wp-content\/uploads\/sites\/16\/2020\/04\/unnamed-1-300x217.png 300w, https:\/\/blogs2.correiobraziliense.com.br\/vicente\/wp-content\/uploads\/sites\/16\/2020\/04\/unnamed-1-350x254.png 350w, https:\/\/blogs2.correiobraziliense.com.br\/vicente\/wp-content\/uploads\/sites\/16\/2020\/04\/unnamed-1-550x398.png 550w, https:\/\/blogs2.correiobraziliense.com.br\/vicente\/wp-content\/uploads\/sites\/16\/2020\/04\/unnamed-1-230x167.png 230w\" sizes=\"auto, (max-width: 751px) 100vw, 751px\" \/><\/a><\/p>\n","protected":false},"excerpt":{"rendered":"<p>ROSANA HESSEL &nbsp; A ag\u00eancia de classifica\u00e7\u00e3o de risco norte-americana Moody\u2019s est\u00e1 levemente mais otimista que o Fundo Monet\u00e1rio Internacional (FMI) em rela\u00e7\u00e3o \u00e0 economia brasileira. A entidade revisou as proje\u00e7\u00f5es devido aos impactos da pandemia da Covid-19 na economia global e agora prev\u00ea retra\u00e7\u00e3o de 5,2% no Produto Interno Bruto (PIB) do Brasil, em [&hellip;]<\/p>\n","protected":false},"author":22,"featured_media":0,"comment_status":"open","ping_status":"closed","sticky":false,"template":"","format":"standard","meta":{"wpb_read_more":[],"footnotes":""},"categories":[600],"tags":[378,4505,69,58,31],"class_list":["post-13968","post","type-post","status-publish","format-standard","hentry","category-economia","tag-brasil","tag-covid-19","tag-moodys","tag-pib","tag-recessao"],"_links":{"self":[{"href":"https:\/\/blogs2.correiobraziliense.com.br\/vicente\/wp-json\/wp\/v2\/posts\/13968","targetHints":{"allow":["GET"]}}],"collection":[{"href":"https:\/\/blogs2.correiobraziliense.com.br\/vicente\/wp-json\/wp\/v2\/posts"}],"about":[{"href":"https:\/\/blogs2.correiobraziliense.com.br\/vicente\/wp-json\/wp\/v2\/types\/post"}],"author":[{"embeddable":true,"href":"https:\/\/blogs2.correiobraziliense.com.br\/vicente\/wp-json\/wp\/v2\/users\/22"}],"replies":[{"embeddable":true,"href":"https:\/\/blogs2.correiobraziliense.com.br\/vicente\/wp-json\/wp\/v2\/comments?post=13968"}],"version-history":[{"count":2,"href":"https:\/\/blogs2.correiobraziliense.com.br\/vicente\/wp-json\/wp\/v2\/posts\/13968\/revisions"}],"predecessor-version":[{"id":13971,"href":"https:\/\/blogs2.correiobraziliense.com.br\/vicente\/wp-json\/wp\/v2\/posts\/13968\/revisions\/13971"}],"wp:attachment":[{"href":"https:\/\/blogs2.correiobraziliense.com.br\/vicente\/wp-json\/wp\/v2\/media?parent=13968"}],"wp:term":[{"taxonomy":"category","embeddable":true,"href":"https:\/\/blogs2.correiobraziliense.com.br\/vicente\/wp-json\/wp\/v2\/categories?post=13968"},{"taxonomy":"post_tag","embeddable":true,"href":"https:\/\/blogs2.correiobraziliense.com.br\/vicente\/wp-json\/wp\/v2\/tags?post=13968"}],"curies":[{"name":"wp","href":"https:\/\/api.w.org\/{rel}","templated":true}]}}