{"id":140,"date":"2015-07-21T17:31:00","date_gmt":"2015-07-21T20:31:00","guid":{"rendered":"https:\/\/blogs2.correiobraziliense.com.br\/vicente\/levy_perdeu_a_batalha_e_meta_fiscal_deve_ser_reduzida\/"},"modified":"2015-07-21T17:31:00","modified_gmt":"2015-07-21T20:31:00","slug":"levy_perdeu_a_batalha_e_meta_fiscal_deve_ser_reduzida","status":"publish","type":"post","link":"https:\/\/blogs2.correiobraziliense.com.br\/vicente\/levy_perdeu_a_batalha_e_meta_fiscal_deve_ser_reduzida\/","title":{"rendered":"LEVY PERDEU A BATALHA E META FISCAL DEVE SER REDUZIDA"},"content":{"rendered":"\n<p>Para n\u00e3o ser apontado como derrotado na queda de bra\u00e7o com o ministro do Planejamento, Nelson Barbosa, na defini\u00e7\u00e3o da meta fiscal deste ano, o ministro da Fazenda, Joaquim Levy, se antecipou aos fatos. De surpresa, apareceu na sala de imprensa dos jornalistas que cobrem a Fazenda com um discurso matreiro. Disse que ainda n\u00e3o foi definido se o superavit prim\u00e1rio de 1,1% do Produto Interno Bruto (PIB) deste ano ser\u00e1 mantido ou reduzido. Mas sinalizou que tudo caminha para a diminui\u00e7\u00e3o, como vinha pregando Barbosa.   <\/p>\n<p>Para n\u00e3o assumir que foi derrotado, Levy apresentou o discurso de que h\u00e1 espa\u00e7o para um novo corte de gastos no Or\u00e7amento deste ano &#8220;com vigor e realismo&#8221;. O ministro n\u00e3o detalhou, por\u00e9m, qual ser\u00e1 o valor, mas especula-se que ficar\u00e1 entre R$ 8 bilhoes e R$ 20 bilh\u00f5es. Ser\u00e1 uma for\u00e7a de compensar a redu\u00e7\u00e3o da meta. &#8220;Temos de aguardar amanh\u00e3. N\u00e3o vou me precipitar sobre um assunto, que \u00e9 adequadamente conduzido&#8221;, frisou.   <\/p>\n<p>Foi ao tra\u00e7ar um cen\u00e1rio dif\u00edcil para a economia que Levy indicou a mudan\u00e7a da meta fiscal: &#8220;Estou indicando a mudan\u00e7a de cen\u00e1rio, uma mudan\u00e7a significativa, e temos de responder com vigor e mais realismo&#8221;. Ao ser questionado sobre a rea\u00e7\u00e3o dos investidores em rela\u00e7\u00e3o \u00e0 redu\u00e7\u00e3o do superavit para algo entre 0,6% e 0,8% do PIB, como defende Barbosa e a ala pol\u00edtica do governo, o ministro afirmou: &#8220;Depende do que se faz, qual \u00e9 a estrat\u00e9gia. A situa\u00e7\u00e3o f\u00e1cil n\u00e3o \u00e9. Algu\u00e9m est\u00e1 achando f\u00e1cil? A gente diz que \u00e9 f\u00e1cil?&#8221;, afirmou.   <\/p>\n<p>Segundo Levy, o governo conduzir\u00e1 os esclarecimentos sobre o quadro fiscal de forma bem transparente e mostrar\u00e1 o porqu\u00ea de as receitas terem ca\u00eddo. Destacou ainda que, amanh\u00e3, durante a divulga\u00e7\u00e3o do relat\u00f3rio bimestral de receitas e despesas, o governo tra\u00e7ar\u00e1 um mapa da estrat\u00e9gia e que o recado principal \u00e9 o de que continuar\u00e1 &#8220;tendo uma estrat\u00e9gia fiscal que responde \u00e0s circunst\u00e2ncias e garantem nossos objetivos&#8221;.&nbsp;    <\/p>\n<p>Bras\u00edlia, 17h30min   <\/p>\n","protected":false},"excerpt":{"rendered":"<p>Para n\u00e3o ser apontado como derrotado na queda de bra\u00e7o com o ministro do Planejamento, Nelson Barbosa, na defini\u00e7\u00e3o da meta fiscal deste ano, o ministro da Fazenda, Joaquim Levy, se antecipou aos fatos. De surpresa, apareceu na sala de imprensa dos jornalistas que cobrem a Fazenda com um discurso matreiro. Disse que ainda n\u00e3o [&hellip;]<\/p>\n","protected":false},"author":22,"featured_media":0,"comment_status":"open","ping_status":"open","sticky":false,"template":"","format":"standard","meta":{"wpb_read_more":[],"footnotes":""},"categories":[1],"tags":[],"class_list":["post-140","post","type-post","status-publish","format-standard","hentry","category-sem-categoria"],"_links":{"self":[{"href":"https:\/\/blogs2.correiobraziliense.com.br\/vicente\/wp-json\/wp\/v2\/posts\/140","targetHints":{"allow":["GET"]}}],"collection":[{"href":"https:\/\/blogs2.correiobraziliense.com.br\/vicente\/wp-json\/wp\/v2\/posts"}],"about":[{"href":"https:\/\/blogs2.correiobraziliense.com.br\/vicente\/wp-json\/wp\/v2\/types\/post"}],"author":[{"embeddable":true,"href":"https:\/\/blogs2.correiobraziliense.com.br\/vicente\/wp-json\/wp\/v2\/users\/22"}],"replies":[{"embeddable":true,"href":"https:\/\/blogs2.correiobraziliense.com.br\/vicente\/wp-json\/wp\/v2\/comments?post=140"}],"version-history":[{"count":0,"href":"https:\/\/blogs2.correiobraziliense.com.br\/vicente\/wp-json\/wp\/v2\/posts\/140\/revisions"}],"wp:attachment":[{"href":"https:\/\/blogs2.correiobraziliense.com.br\/vicente\/wp-json\/wp\/v2\/media?parent=140"}],"wp:term":[{"taxonomy":"category","embeddable":true,"href":"https:\/\/blogs2.correiobraziliense.com.br\/vicente\/wp-json\/wp\/v2\/categories?post=140"},{"taxonomy":"post_tag","embeddable":true,"href":"https:\/\/blogs2.correiobraziliense.com.br\/vicente\/wp-json\/wp\/v2\/tags?post=140"}],"curies":[{"name":"wp","href":"https:\/\/api.w.org\/{rel}","templated":true}]}}