{"id":14023,"date":"2020-05-05T18:58:14","date_gmt":"2020-05-05T21:58:14","guid":{"rendered":"https:\/\/blogs2.correiobraziliense.com.br\/vicente\/?p=14023"},"modified":"2020-05-05T18:58:14","modified_gmt":"2020-05-05T21:58:14","slug":"setor-de-bares-e-restaurantes-propoe-ao-governo-socorro-maior","status":"publish","type":"post","link":"https:\/\/blogs2.correiobraziliense.com.br\/vicente\/setor-de-bares-e-restaurantes-propoe-ao-governo-socorro-maior\/","title":{"rendered":"Setor de bares e restaurantes prop\u00f5e ao governo socorro maior"},"content":{"rendered":"<p>ISRAEL MEDEIROS<\/p>\n<p>&nbsp;<\/p>\n<h2>O governo pretende recorrer a mecanismo utilizados em outros pa\u00edses para socorrer o setor de bares e restaurantes, um dos mais afetados pela pandemia do novo coronav\u00edrus, com fechamento de mais de 1 milh\u00e3o de postos de trabalho.<\/h2>\n<p>&nbsp;<\/p>\n<p>Segundo o presidente da Associa\u00e7\u00e3o Brasileira de Bares e Restaurantes (Abrasel), Paulo Solmucci, ele sugeriu, na tarde desta ter\u00e7a (05\/05), ao\u00a0secret\u00e1rio especial de Previd\u00eancia e Trabalho, Bruno Bianco, que o governo estude medidas adotadas fora do pa\u00eds de ajuda ao setor. Solmucci disse que Bianco ficou de avaliar.<\/p>\n<p>&nbsp;<\/p>\n<p>No fim de abril, a Alemanha apresentou um plano econ\u00f4mico de 10 bilh\u00f5es de euros para pagar benef\u00edcios adicionais a desempregados e anunciou cortes de impostos para empresas. O plano contempla redu\u00e7\u00e3o no Imposto de Valor Agregado (VAT) no setor de gastronomia de 19% para 7% por um ano, a partir do dia 1\u00ba de julho. O socorro prev\u00ea ainda que os trabalhadores for\u00e7ados a ficar em casa por causa da quarentena recebam entre 70% e 77% do sal\u00e1rio l\u00edquido a partir do quarto m\u00eas de desemprego. Do s\u00e9timo m\u00eas em diante, a parcela variar\u00e1 entre 80% e 87%.<\/p>\n<p>&nbsp;<\/p>\n<p>&#8220;Pa\u00edses como a Alemanha est\u00e3o promovendo um apoio ao setor. O secret\u00e1rio disse que est\u00e1 estudando isso. A ajuda pode vir em forma de recomposi\u00e7\u00e3o de parte dos sal\u00e1rios, de cria\u00e7\u00e3o de empregos ou de outra forma. Isso est\u00e1 sendo levantado. Esse tipo de medida \u00e9 muito importante porque o setor de bares e restaurantes gera muitos empregos e tem uma cadeia de pequenos fornecedores, que pode entrar em colapso&#8221;, disse Solmucci.<\/p>\n<p>&nbsp;<\/p>\n<p><strong>Desemprego<\/strong><\/p>\n<p>&nbsp;<\/p>\n<p>Estima-se que o n\u00famero de demiss\u00f5es no setor j\u00e1 tenha passado de 1 milh\u00e3o. A proje\u00e7\u00e3o era de que esse n\u00famero fosse atingido apenas no fim de maio. Por\u00e9m, com o prolongamento das regras de isolamento, o presidente da Abrasel acredita que a marca j\u00e1 tenha sido atingida. Segundo ele, isso representa um ter\u00e7o de todos os profissionais formais. Ele explicou que, mesmo que a reabertura ocorra, o retorno \u00e0s atividades ser\u00e1 lento. &#8220;N\u00e3o abriremos como antes. Talvez 30% do que se faturava&#8221;, afirmou.<\/p>\n<p>&nbsp;<\/p>\n<p>Solmucci destacou que a MP 936, que prev\u00ea corte de sal\u00e1rios e de jornadas e suspens\u00e3o de contratos, foi positiva para o setor, que, atualmente, emprega cerca de 6 milh\u00f5es de pessoas. &#8220;A MP funcionou muito bem, salvou 2 milh\u00f5es de empregos. Com a parte bancada pelo governo, o valor dos sal\u00e1rios ficou muito pr\u00f3ximo ao que as pessoas recebiam antes. Em conversa com o secret\u00e1rio, estava elogiando o sucesso da implanta\u00e7\u00e3o. Fizeram a MP do jeito que n\u00f3s pedimos&#8221;, pontuou.<\/p>\n<p>&nbsp;<\/p>\n<p>O presidente da Abrasel revelou tamb\u00e9m que, na conversa com Bianco, sugeriu ainda ajuda aos pequenos empres\u00e1rios, que podem ser contemplados no PL 873\/20, que prop\u00f5e modifica\u00e7\u00f5es nas regras do Aux\u00edlio Emergencial e aguarda san\u00e7\u00e3o presidencial. &#8220;Destacamos a ajuda ao pequeno empres\u00e1rio. Houve apoio ao aut\u00f4nomo, ao microempreendedor individual (MEI). Sugerimos a ajuda tamb\u00e9m ao pequeno empres\u00e1rio. Ele afirmou que est\u00e1 vendo essa possibilidade. Pode ser contemplado no PL 873&#8221;, revelou.<\/p>\n<p>&nbsp;<\/p>\n<p>O empres\u00e1rio disse tamb\u00e9m que a Abrasel pretende sugerir ao deputado federal Orlando Silva (PCdoB) uma extens\u00e3o do prazo de redu\u00e7\u00e3o de jornadas e sal\u00e1rios previsto pela MP 936, hoje de tr\u00eas meses. O parlamentar foi escolhido, na \u00faltima segunda-feira (04\/05), para ser o relator do texto. Segundo o presidente da C\u00e2mara, Rodrigo Maia, a medida deve ser votada nesta semana.<\/p>\n<p>&nbsp;<\/p>\n<p><em>Bras\u00edlia, 18h58min<\/em><\/p>\n","protected":false},"excerpt":{"rendered":"<p>ISRAEL MEDEIROS &nbsp; O governo pretende recorrer a mecanismo utilizados em outros pa\u00edses para socorrer o setor de bares e restaurantes, um dos mais afetados pela pandemia do novo coronav\u00edrus, com fechamento de mais de 1 milh\u00e3o de postos de trabalho. &nbsp; Segundo o presidente da Associa\u00e7\u00e3o Brasileira de Bares e Restaurantes (Abrasel), Paulo Solmucci, [&hellip;]<\/p>\n","protected":false},"author":22,"featured_media":11038,"comment_status":"open","ping_status":"closed","sticky":false,"template":"","format":"standard","meta":{"wpb_read_more":[],"footnotes":""},"categories":[600],"tags":[4506,2538,4221,71,467,4605,3400,226],"class_list":["post-14023","post","type-post","status-publish","format-standard","has-post-thumbnail","hentry","category-economia","tag-ajuda","tag-alemanha","tag-bares","tag-desemprego","tag-governo","tag-paises","tag-restaurantes","tag-socorro"],"_links":{"self":[{"href":"https:\/\/blogs2.correiobraziliense.com.br\/vicente\/wp-json\/wp\/v2\/posts\/14023","targetHints":{"allow":["GET"]}}],"collection":[{"href":"https:\/\/blogs2.correiobraziliense.com.br\/vicente\/wp-json\/wp\/v2\/posts"}],"about":[{"href":"https:\/\/blogs2.correiobraziliense.com.br\/vicente\/wp-json\/wp\/v2\/types\/post"}],"author":[{"embeddable":true,"href":"https:\/\/blogs2.correiobraziliense.com.br\/vicente\/wp-json\/wp\/v2\/users\/22"}],"replies":[{"embeddable":true,"href":"https:\/\/blogs2.correiobraziliense.com.br\/vicente\/wp-json\/wp\/v2\/comments?post=14023"}],"version-history":[{"count":0,"href":"https:\/\/blogs2.correiobraziliense.com.br\/vicente\/wp-json\/wp\/v2\/posts\/14023\/revisions"}],"wp:featuredmedia":[{"embeddable":true,"href":"https:\/\/blogs2.correiobraziliense.com.br\/vicente\/wp-json\/wp\/v2\/media\/11038"}],"wp:attachment":[{"href":"https:\/\/blogs2.correiobraziliense.com.br\/vicente\/wp-json\/wp\/v2\/media?parent=14023"}],"wp:term":[{"taxonomy":"category","embeddable":true,"href":"https:\/\/blogs2.correiobraziliense.com.br\/vicente\/wp-json\/wp\/v2\/categories?post=14023"},{"taxonomy":"post_tag","embeddable":true,"href":"https:\/\/blogs2.correiobraziliense.com.br\/vicente\/wp-json\/wp\/v2\/tags?post=14023"}],"curies":[{"name":"wp","href":"https:\/\/api.w.org\/{rel}","templated":true}]}}