{"id":14028,"date":"2020-05-06T15:45:51","date_gmt":"2020-05-06T18:45:51","guid":{"rendered":"https:\/\/blogs2.correiobraziliense.com.br\/vicente\/?p=14028"},"modified":"2020-05-06T15:45:51","modified_gmt":"2020-05-06T18:45:51","slug":"podem-preparar-o-bolso-petrobras-reajustara-gasolina-em-12","status":"publish","type":"post","link":"https:\/\/blogs2.correiobraziliense.com.br\/vicente\/podem-preparar-o-bolso-petrobras-reajustara-gasolina-em-12\/","title":{"rendered":"Podem preparar o bolso: Petrobras reajustar\u00e1 gasolina em 12%"},"content":{"rendered":"<h2>Quem estava contando que os pre\u00e7os da gasolina poderiam cair abaixo de R$ 3 \u2014 no Distrito Federal, h\u00e1 postos vendendo o combust\u00edvel a R$ 3,089 \u2014, pode preparar o bolso. A Petrobras anunciou que reajustar\u00e1 o valor da gasolina em 12% nas refinarias a partir desta quinta-feira (07\/05).<\/h2>\n<p>&nbsp;<\/p>\n<p>\u00c9 a primeira vez, desde fevereiro, que a estatal decide cobrar mais caro pela gasolina nas refinarias. No acumulado do ano, o combust\u00edvel registra baixa de mais de 50%, por causa da cota\u00e7\u00e3o do petr\u00f3leo, que desabou no mercado internacional.<\/p>\n<p>&nbsp;<\/p>\n<p>\u00c9 justamente a ligeira recupera\u00e7\u00e3o do pre\u00e7o do barril no exterior um dos motivos para a alta dos combust\u00edveis nas refinarias. Mas, segundo especialistas, o maior culpado pela mudan\u00e7a no valor da gasolina produzida pela Petrobras \u00e9 a disparada do d\u00f3lar, que caminha c\u00e9lere para os R$ 6.<\/p>\n<p>&nbsp;<\/p>\n<p>Com o reajuste de 12%, o litro da gasolina custar\u00e1, em m\u00e9dia, R$ 0,1097 nas refinarias. Com todos os impostos e as margens de lucros definidas pelas distribuidoras e dos postos, o valor nas bombas mais que triplica.<\/p>\n<p>&nbsp;<\/p>\n<p>Os pre\u00e7os da gasolina v\u00eam caindo nos postos do Distrito Federal desde o in\u00edcio da pandemia do novo coronav\u00edrus. O litro do combust\u00edvel chegou a ser vendido por quase R$ 5 nos 320 estabelecimentos da capital do pa\u00eds. Hoje, a maior parte dos postos cobra entre R$ 3,299 e R$ 3,399 o litro.<\/p>\n<p>&nbsp;<\/p>\n<p><em>Bras\u00edlia, 15h45min<\/em><\/p>\n","protected":false},"excerpt":{"rendered":"<p>Quem estava contando que os pre\u00e7os da gasolina poderiam cair abaixo de R$ 3 \u2014 no Distrito Federal, h\u00e1 postos vendendo o combust\u00edvel a R$ 3,089 \u2014, pode preparar o bolso. A Petrobras anunciou que reajustar\u00e1 o valor da gasolina em 12% nas refinarias a partir desta quinta-feira (07\/05). &nbsp; \u00c9 a primeira vez, desde [&hellip;]<\/p>\n","protected":false},"author":22,"featured_media":12590,"comment_status":"open","ping_status":"closed","sticky":false,"template":"","format":"standard","meta":{"wpb_read_more":[],"footnotes":""},"categories":[600],"tags":[268,228,269,264],"class_list":["post-14028","post","type-post","status-publish","format-standard","has-post-thumbnail","hentry","category-economia","tag-gasolina","tag-petrobras","tag-preco","tag-reajuste"],"_links":{"self":[{"href":"https:\/\/blogs2.correiobraziliense.com.br\/vicente\/wp-json\/wp\/v2\/posts\/14028","targetHints":{"allow":["GET"]}}],"collection":[{"href":"https:\/\/blogs2.correiobraziliense.com.br\/vicente\/wp-json\/wp\/v2\/posts"}],"about":[{"href":"https:\/\/blogs2.correiobraziliense.com.br\/vicente\/wp-json\/wp\/v2\/types\/post"}],"author":[{"embeddable":true,"href":"https:\/\/blogs2.correiobraziliense.com.br\/vicente\/wp-json\/wp\/v2\/users\/22"}],"replies":[{"embeddable":true,"href":"https:\/\/blogs2.correiobraziliense.com.br\/vicente\/wp-json\/wp\/v2\/comments?post=14028"}],"version-history":[{"count":0,"href":"https:\/\/blogs2.correiobraziliense.com.br\/vicente\/wp-json\/wp\/v2\/posts\/14028\/revisions"}],"wp:featuredmedia":[{"embeddable":true,"href":"https:\/\/blogs2.correiobraziliense.com.br\/vicente\/wp-json\/wp\/v2\/media\/12590"}],"wp:attachment":[{"href":"https:\/\/blogs2.correiobraziliense.com.br\/vicente\/wp-json\/wp\/v2\/media?parent=14028"}],"wp:term":[{"taxonomy":"category","embeddable":true,"href":"https:\/\/blogs2.correiobraziliense.com.br\/vicente\/wp-json\/wp\/v2\/categories?post=14028"},{"taxonomy":"post_tag","embeddable":true,"href":"https:\/\/blogs2.correiobraziliense.com.br\/vicente\/wp-json\/wp\/v2\/tags?post=14028"}],"curies":[{"name":"wp","href":"https:\/\/api.w.org\/{rel}","templated":true}]}}