{"id":14031,"date":"2020-05-06T18:21:35","date_gmt":"2020-05-06T21:21:35","guid":{"rendered":"https:\/\/blogs2.correiobraziliense.com.br\/vicente\/?p=14031"},"modified":"2020-05-06T18:21:35","modified_gmt":"2020-05-06T21:21:35","slug":"copom-reduz-selic-em-075-ponto-percentual-para-3-ao-ano","status":"publish","type":"post","link":"https:\/\/blogs2.correiobraziliense.com.br\/vicente\/copom-reduz-selic-em-075-ponto-percentual-para-3-ao-ano\/","title":{"rendered":"Copom reduz Selic em 0,75 ponto percentual, para 3% ao ano"},"content":{"rendered":"<p><span style=\"font-weight: 400\">ROSANA HESSEL<\/span><\/p>\n<p>&nbsp;<\/p>\n<p><span style=\"font-weight: 400\">Em meio a mais um dia tenso nos mercados e com o d\u00f3lar batendo novo recorde, o Comit\u00ea de Pol\u00edtica Monet\u00e1ria (Copom) do Banco Central decidiu, nesta quarta-feira (06\/05), reduzir a taxa b\u00e1sica de juros (Selic) em 0,75 ponto percentual, para 3%, novo piso hist\u00f3rico, devido \u00e0 piora nos cen\u00e1rios interno e externo.<\/span><\/p>\n<p>&nbsp;<\/p>\n<p><span style=\"font-weight: 400\">A decis\u00e3o foi un\u00e2nime neste segundo dia de reuni\u00e3o do colegiado e acabou mostrando um BC mais agressivo do que o esperado. Conforme o comunicado da autoridade monet\u00e1ria e levou em considera\u00e7\u00e3o a \u201cdesacelera\u00e7\u00e3o significativa no crescimento global\u201d provocada pela pandemia da Covid-19. <\/span><\/p>\n<p>&nbsp;<\/p>\n<p><span style=\"font-weight: 400\">O Comit\u00ea ainda destacou que os dados de atividade econ\u00f4mica at\u00e9 mar\u00e7o repercutem parcialmente os efeitos da pandemia sobre a economia brasileira e os de abril \u201cmostram que a contra\u00e7\u00e3o da atividade econ\u00f4mica ser\u00e1 significativamente superior \u00e0 prevista na \u00faltima reuni\u00e3o do Copom.\u00a0<\/span><\/p>\n<p>&nbsp;<\/p>\n<p><span style=\"font-weight: 400\">Pelas proje\u00e7\u00f5es do mercado apontadas pelo Comit\u00ea, a perspectiva de infla\u00e7\u00e3o para este ano est\u00e1 em torno de 2% e, num cen\u00e1rio h\u00edbrido, com o d\u00f3lar a R$ 5,55, poderia chegar a 2,4%.\u00a0<\/span><\/p>\n<p>&nbsp;<\/p>\n<p><span style=\"font-weight: 400\">&#8220;O Comit\u00ea ressalta que, em seu cen\u00e1rio b\u00e1sico para a infla\u00e7\u00e3o, permanecem fatores de risco em ambas as dire\u00e7\u00f5es\u201d, destacou a nota do BC, ressaltando que \u201co n\u00edvel de ociosidade pode produzir trajet\u00f3ria de infla\u00e7\u00e3o abaixo do esperado\u201d.\u00a0<\/span><\/p>\n<p>&nbsp;<\/p>\n<p><strong>Desequil\u00edbrio fiscal<\/strong><\/p>\n<p>&nbsp;<\/p>\n<p><span style=\"font-weight: 400\">O Comit\u00ea destacou preocupa\u00e7\u00e3o uma \u201cpiora prolongada\u201d, no desequil\u00edbrio fiscal devido \u00e0s medidas emergenciais no combate aos efeitos do coronav\u00edrus e ainda destacou a expectativa de frustra\u00e7\u00f5es em rela\u00e7\u00e3o \u00e0 continuidade das reformas, podendo \u201celevar os pr\u00eamios de risco e gerar uma trajet\u00f3ria para a infla\u00e7\u00e3o acima do projetado no horizonte relevante para a pol\u00edtica monet\u00e1ria\u201d.<\/span><\/p>\n<p>&nbsp;<\/p>\n<p><span style=\"font-weight: 400\">\u201cO Copom avalia que perseverar no processo de reformas e ajustes necess\u00e1rios na economia brasileira \u00e9 essencial para permitir a recupera\u00e7\u00e3o sustent\u00e1vel da economia. O Comit\u00ea ressalta, ainda, que questionamentos sobre a continuidade das reformas e altera\u00e7\u00f5es de car\u00e1ter permanente no processo de ajuste das contas p\u00fablicas podem elevar a taxa de juros estrutural da economia\u201d, destacou a nota.<\/span><\/p>\n<p>&nbsp;<\/p>\n<p>No fim do comunicado, o BC ainda destacou que dever\u00e1 continuar cortando a Selic em mais 0,75 ponto percentual ao afirmar que, na\u00a0pr\u00f3xima reuni\u00e3o, condicional ao cen\u00e1rio fiscal e \u00e0 conjuntura econ\u00f4mica, o Comit\u00ea considera um \u00faltimo ajuste, &#8220;n\u00e3o maior do que o atual, para complementar o grau de est\u00edmulo necess\u00e1rio como rea\u00e7\u00e3o \u00e0s consequ\u00eancias econ\u00f4micas da pandemia da Covid-19&#8221;.<\/p>\n","protected":false},"excerpt":{"rendered":"<p>ROSANA HESSEL &nbsp; Em meio a mais um dia tenso nos mercados e com o d\u00f3lar batendo novo recorde, o Comit\u00ea de Pol\u00edtica Monet\u00e1ria (Copom) do Banco Central decidiu, nesta quarta-feira (06\/05), reduzir a taxa b\u00e1sica de juros (Selic) em 0,75 ponto percentual, para 3%, novo piso hist\u00f3rico, devido \u00e0 piora nos cen\u00e1rios interno e [&hellip;]<\/p>\n","protected":false},"author":22,"featured_media":0,"comment_status":"open","ping_status":"closed","sticky":false,"template":"","format":"standard","meta":{"wpb_read_more":[],"footnotes":""},"categories":[600],"tags":[3,99,34],"class_list":["post-14031","post","type-post","status-publish","format-standard","hentry","category-economia","tag-banco-central","tag-copom","tag-selic"],"_links":{"self":[{"href":"https:\/\/blogs2.correiobraziliense.com.br\/vicente\/wp-json\/wp\/v2\/posts\/14031","targetHints":{"allow":["GET"]}}],"collection":[{"href":"https:\/\/blogs2.correiobraziliense.com.br\/vicente\/wp-json\/wp\/v2\/posts"}],"about":[{"href":"https:\/\/blogs2.correiobraziliense.com.br\/vicente\/wp-json\/wp\/v2\/types\/post"}],"author":[{"embeddable":true,"href":"https:\/\/blogs2.correiobraziliense.com.br\/vicente\/wp-json\/wp\/v2\/users\/22"}],"replies":[{"embeddable":true,"href":"https:\/\/blogs2.correiobraziliense.com.br\/vicente\/wp-json\/wp\/v2\/comments?post=14031"}],"version-history":[{"count":0,"href":"https:\/\/blogs2.correiobraziliense.com.br\/vicente\/wp-json\/wp\/v2\/posts\/14031\/revisions"}],"wp:attachment":[{"href":"https:\/\/blogs2.correiobraziliense.com.br\/vicente\/wp-json\/wp\/v2\/media?parent=14031"}],"wp:term":[{"taxonomy":"category","embeddable":true,"href":"https:\/\/blogs2.correiobraziliense.com.br\/vicente\/wp-json\/wp\/v2\/categories?post=14031"},{"taxonomy":"post_tag","embeddable":true,"href":"https:\/\/blogs2.correiobraziliense.com.br\/vicente\/wp-json\/wp\/v2\/tags?post=14031"}],"curies":[{"name":"wp","href":"https:\/\/api.w.org\/{rel}","templated":true}]}}