{"id":14113,"date":"2020-05-12T16:01:00","date_gmt":"2020-05-12T19:01:00","guid":{"rendered":"https:\/\/blogs2.correiobraziliense.com.br\/vicente\/?p=14113"},"modified":"2020-05-12T16:01:00","modified_gmt":"2020-05-12T19:01:00","slug":"video-mostra-que-alem-de-filhos-bolsonaro-queria-proteger-amigos-de-investigacoes-da-pf","status":"publish","type":"post","link":"https:\/\/blogs2.correiobraziliense.com.br\/vicente\/video-mostra-que-alem-de-filhos-bolsonaro-queria-proteger-amigos-de-investigacoes-da-pf\/","title":{"rendered":"V\u00eddeo mostra que, al\u00e9m de filhos, Bolsonaro queria proteger amigos de investiga\u00e7\u00f5es da PF"},"content":{"rendered":"<h2>A insist\u00eancia do presidente Jair Bolsonaro em trocar o superintendente da Pol\u00edcia Federal no Rio de Janeiro n\u00e3o se restringia \u00e0 prote\u00e7\u00e3o de seus filhos. Ele tamb\u00e9m estava preocupado com as repercuss\u00f5es das investiga\u00e7\u00f5es da PF sobre seus aliados.<\/h2>\n<p>&nbsp;<\/p>\n<p>As preocupa\u00e7\u00f5es de Bolsonaro em ter o controle da PF no Rio ficaram claras no v\u00eddeo da reuni\u00e3o ministerial de 22 de abril, exibido nesta ter\u00e7a-feira (12\/05) no Instituto de Criminal\u00edstica do \u00f3rg\u00e3o. Na reuni\u00e3o, o presidente amea\u00e7ou demitiu o ent\u00e3o ministro da Justi\u00e7a, Sergio Moro, se ele n\u00e3o trocasse o diretor-geral da Pol\u00edcia Federal, Maur\u00edcio Valeixo, e o superintendente do Rio,\u00a0Carlos Henrique Oliveira, que foi convidado para ser diretor executivo da corpora\u00e7\u00e3o, ou seja, o n\u00famero dois na hierarquia do \u00f3rg\u00e3o, mas sem acesso \u00e0s investiga\u00e7\u00f5es.<\/p>\n<p>&nbsp;<\/p>\n<p>Com a demiss\u00e3o de Moro do minist\u00e9rio e de Valeixo do comando da PF, Bolsonaro tentou emplacar o delegado Alexandre Ramagem, amigo dos filhos do presidente, para a diretoria-geral da corpora\u00e7\u00e3o, mas a nomea\u00e7\u00e3o foi suspensa pelo ministro Alexandre de Moraes, do Supremo Tribunal Federal (STF).<\/p>\n<p>&nbsp;<\/p>\n<p>A inten\u00e7\u00e3o de Bolsonaro de trocar o superintendente do Rio foi confirmado por Ramagem em depoimento \u00e0 PF na segunda-feira (11\/05). A PF est\u00e1 pr\u00f3xima de pegar Carlos e Eduardo Bolsonaro, os filhos 02 e 03, por dissemina\u00e7\u00e3o de fake news com o intuito de destruir reputa\u00e7\u00f5es e defender a volta da ditadura.<\/p>\n<p>&nbsp;<\/p>\n<p>Diante das den\u00fancias de Moro, ao se demitir do Minist\u00e9rio da Justi\u00e7a, a Procuradoria-Geral da Rep\u00fablica recomendou ao STF a abertura de inqu\u00e9rito. O ex-juiz j\u00e1 foi ouvido. Nesta ter\u00e7a-feira (12\/05) est\u00e3o prestando depoimento tr\u00eas ministros militares com assentos no Pal\u00e1cio do Planalto: Luiz Eduardo Ramos (Secretaria de Governo), Augusto Heleno (Gabinete de Seguran\u00e7a Institucional) e Braga Netto (Casa Civil).<\/p>\n<p>&nbsp;<\/p>\n<p>Segundo pessoas que assistiram ao v\u00eddeo exibido hoje pela Pol\u00edcia Federal, a situa\u00e7\u00e3o de Bolsonaro se complicou muito e ser\u00e1 dif\u00edcil para o procurador-geral da Rep\u00fablica, Augusto Aras, arquivar o processo que pode resultar em um pedido de impeachment do presidente.<\/p>\n<p>&nbsp;<\/p>\n<p><em>Bras\u00edlia, 16h01min<\/em><\/p>\n","protected":false},"excerpt":{"rendered":"<p>A insist\u00eancia do presidente Jair Bolsonaro em trocar o superintendente da Pol\u00edcia Federal no Rio de Janeiro n\u00e3o se restringia \u00e0 prote\u00e7\u00e3o de seus filhos. Ele tamb\u00e9m estava preocupado com as repercuss\u00f5es das investiga\u00e7\u00f5es da PF sobre seus aliados. &nbsp; As preocupa\u00e7\u00f5es de Bolsonaro em ter o controle da PF no Rio ficaram claras no [&hellip;]<\/p>\n","protected":false},"author":22,"featured_media":10126,"comment_status":"open","ping_status":"closed","sticky":false,"template":"","format":"standard","meta":{"wpb_read_more":[],"footnotes":""},"categories":[600],"tags":[],"class_list":["post-14113","post","type-post","status-publish","format-standard","has-post-thumbnail","hentry","category-economia"],"_links":{"self":[{"href":"https:\/\/blogs2.correiobraziliense.com.br\/vicente\/wp-json\/wp\/v2\/posts\/14113","targetHints":{"allow":["GET"]}}],"collection":[{"href":"https:\/\/blogs2.correiobraziliense.com.br\/vicente\/wp-json\/wp\/v2\/posts"}],"about":[{"href":"https:\/\/blogs2.correiobraziliense.com.br\/vicente\/wp-json\/wp\/v2\/types\/post"}],"author":[{"embeddable":true,"href":"https:\/\/blogs2.correiobraziliense.com.br\/vicente\/wp-json\/wp\/v2\/users\/22"}],"replies":[{"embeddable":true,"href":"https:\/\/blogs2.correiobraziliense.com.br\/vicente\/wp-json\/wp\/v2\/comments?post=14113"}],"version-history":[{"count":0,"href":"https:\/\/blogs2.correiobraziliense.com.br\/vicente\/wp-json\/wp\/v2\/posts\/14113\/revisions"}],"wp:featuredmedia":[{"embeddable":true,"href":"https:\/\/blogs2.correiobraziliense.com.br\/vicente\/wp-json\/wp\/v2\/media\/10126"}],"wp:attachment":[{"href":"https:\/\/blogs2.correiobraziliense.com.br\/vicente\/wp-json\/wp\/v2\/media?parent=14113"}],"wp:term":[{"taxonomy":"category","embeddable":true,"href":"https:\/\/blogs2.correiobraziliense.com.br\/vicente\/wp-json\/wp\/v2\/categories?post=14113"},{"taxonomy":"post_tag","embeddable":true,"href":"https:\/\/blogs2.correiobraziliense.com.br\/vicente\/wp-json\/wp\/v2\/tags?post=14113"}],"curies":[{"name":"wp","href":"https:\/\/api.w.org\/{rel}","templated":true}]}}