{"id":14126,"date":"2020-05-14T12:35:40","date_gmt":"2020-05-14T15:35:40","guid":{"rendered":"https:\/\/blogs2.correiobraziliense.com.br\/vicente\/?p=14126"},"modified":"2020-05-14T12:35:40","modified_gmt":"2020-05-14T15:35:40","slug":"governo-federal-prepara-plano-de-retorno-de-servidores-ao-trabalho-presencial","status":"publish","type":"post","link":"https:\/\/blogs2.correiobraziliense.com.br\/vicente\/governo-federal-prepara-plano-de-retorno-de-servidores-ao-trabalho-presencial\/","title":{"rendered":"Governo federal prepara plano de retorno de servidores ao trabalho presencial"},"content":{"rendered":"<h2>O governo federal j\u00e1 montou um grupo de estudos, que inclui, entre outros \u00f3rg\u00e3os, a Casa Civil, o Minist\u00e9rio da Sa\u00fade e a Secretaria de Gest\u00e3o de Pessoas do Minist\u00e9rio da Economia, para definir como ser\u00e1 a volta dos servidores ao trabalho presencial. \u00c9 grande a apreens\u00e3o entre o funcionalismo sobre como se dar\u00e1 esse processo.<\/h2>\n<p>&nbsp;<\/p>\n<p>Dois minist\u00e9rios, Turismo e Cidadania \u2014 cujos chefes seguem \u00e0 risca as determina\u00e7\u00f5es do presidente Jair Bolsonaro, que \u00e9 contra o isolamento social para conter a dissemina\u00e7\u00e3o do novo coronav\u00edrus \u2014, decidiram se antecipar e est\u00e3o convocando os servidores para o trabalho presencial.<\/p>\n<p>&nbsp;<\/p>\n<p>No Minist\u00e9rio do Turismo, chefiado por Marcelo \u00c1lvaro Ant\u00f4nio, o retorno come\u00e7ou, gradualmente, em 11 de maio. No Cidadania, a determina\u00e7\u00e3o do ministro Onyx Lorenzoni \u00e9 para que o retorno dos funcion\u00e1rios se d\u00ea a partir de 18 de maio.<\/p>\n<p>&nbsp;<\/p>\n<p>Pelos dados mais recentes da Secretaria de Gest\u00e3o e Pessoas, 51% dos servidores est\u00e3o em home office.<\/p>\n<p>&nbsp;<\/p>\n<p><strong>Grupos de risco<\/strong><\/p>\n<p>&nbsp;<\/p>\n<p>Quando da decreta\u00e7\u00e3o da pandemia da covid-19 pela Organiza\u00e7\u00e3o Mundial da Sa\u00fade (OMS), a secretaria soltou uma instru\u00e7\u00e3o normativa dando liberdade para que cada \u00f3rg\u00e3o p\u00fablico definisse como seria o trabalho, levando em conta as caracter\u00edsticas dos servi\u00e7os prestados \u00e0 sociedade e as especificidades de cada regi\u00e3o.<\/p>\n<p>&nbsp;<\/p>\n<p>A \u00fanica obriga\u00e7\u00e3o que todos deveriam cumprir era a de manter os grupos de risco em casa: gr\u00e1vidas, pessoas com comorbidades e aqueles com mais de 60 anos. Muito provavelmente, esse ponto ser\u00e1 o \u00faltimo a ser alterado pelo plano de retorno ao trabalho.<\/p>\n<p>&nbsp;<\/p>\n<p>A descentraliza\u00e7\u00e3o na gest\u00e3o de pessoas d\u00e1 liberdade para cada \u00f3rg\u00e3o definir o que fazer com os servidores, mas o funcionalismo reivindica que o governo d\u00ea todas as condi\u00e7\u00f5es para que o retorno ao trabalho presencial seja feito de forma segura, sem risco \u00e0 sa\u00fade de todos.<\/p>\n<p>&nbsp;<\/p>\n<p>Para os servidores, n\u00e3o pode prevalecer a vontade do presidente Bolsonaro, que quer, porque quer, retomar a vida normal num momento em que a contamina\u00e7\u00e3o e as mortes pela covid-19 est\u00e3o batendo recordes di\u00e1rios. Os funcion\u00e1rios p\u00fablicos prometem reagir a qualquer ato de arbitrariedade por parte do governo.<\/p>\n<p>&nbsp;<\/p>\n<p><em>Bras\u00edlia, 12h35min<\/em><\/p>\n","protected":false},"excerpt":{"rendered":"<p>O governo federal j\u00e1 montou um grupo de estudos, que inclui, entre outros \u00f3rg\u00e3os, a Casa Civil, o Minist\u00e9rio da Sa\u00fade e a Secretaria de Gest\u00e3o de Pessoas do Minist\u00e9rio da Economia, para definir como ser\u00e1 a volta dos servidores ao trabalho presencial. \u00c9 grande a apreens\u00e3o entre o funcionalismo sobre como se dar\u00e1 esse [&hellip;]<\/p>\n","protected":false},"author":22,"featured_media":10448,"comment_status":"open","ping_status":"closed","sticky":false,"template":"","format":"standard","meta":{"wpb_read_more":[],"footnotes":""},"categories":[600],"tags":[2554,4419,4505,4525,4621,123,2307],"class_list":["post-14126","post","type-post","status-publish","format-standard","has-post-thumbnail","hentry","category-economia","tag-bolsonaro","tag-coronavirus","tag-covid-19","tag-home-office","tag-presencial","tag-servidores","tag-trabalho"],"_links":{"self":[{"href":"https:\/\/blogs2.correiobraziliense.com.br\/vicente\/wp-json\/wp\/v2\/posts\/14126","targetHints":{"allow":["GET"]}}],"collection":[{"href":"https:\/\/blogs2.correiobraziliense.com.br\/vicente\/wp-json\/wp\/v2\/posts"}],"about":[{"href":"https:\/\/blogs2.correiobraziliense.com.br\/vicente\/wp-json\/wp\/v2\/types\/post"}],"author":[{"embeddable":true,"href":"https:\/\/blogs2.correiobraziliense.com.br\/vicente\/wp-json\/wp\/v2\/users\/22"}],"replies":[{"embeddable":true,"href":"https:\/\/blogs2.correiobraziliense.com.br\/vicente\/wp-json\/wp\/v2\/comments?post=14126"}],"version-history":[{"count":0,"href":"https:\/\/blogs2.correiobraziliense.com.br\/vicente\/wp-json\/wp\/v2\/posts\/14126\/revisions"}],"wp:featuredmedia":[{"embeddable":true,"href":"https:\/\/blogs2.correiobraziliense.com.br\/vicente\/wp-json\/wp\/v2\/media\/10448"}],"wp:attachment":[{"href":"https:\/\/blogs2.correiobraziliense.com.br\/vicente\/wp-json\/wp\/v2\/media?parent=14126"}],"wp:term":[{"taxonomy":"category","embeddable":true,"href":"https:\/\/blogs2.correiobraziliense.com.br\/vicente\/wp-json\/wp\/v2\/categories?post=14126"},{"taxonomy":"post_tag","embeddable":true,"href":"https:\/\/blogs2.correiobraziliense.com.br\/vicente\/wp-json\/wp\/v2\/tags?post=14126"}],"curies":[{"name":"wp","href":"https:\/\/api.w.org\/{rel}","templated":true}]}}