{"id":14146,"date":"2020-05-19T16:01:03","date_gmt":"2020-05-19T19:01:03","guid":{"rendered":"https:\/\/blogs2.correiobraziliense.com.br\/vicente\/?p=14146"},"modified":"2020-05-19T16:01:03","modified_gmt":"2020-05-19T19:01:03","slug":"paulo-guedes-deixou-de-ser-idolo-para-boa-parte-da-equipe-dele","status":"publish","type":"post","link":"https:\/\/blogs2.correiobraziliense.com.br\/vicente\/paulo-guedes-deixou-de-ser-idolo-para-boa-parte-da-equipe-dele\/","title":{"rendered":"Paulo Guedes deixou de ser &#8220;\u00eddolo&#8221; para boa parte da equipe dele"},"content":{"rendered":"<h2>Basta meia hora de conversa com t\u00e9cnicos da equipe econ\u00f4mica para se constatar que o encanto em rela\u00e7\u00e3o ao ministro Paulo Guedes acabou para muito deles. Guedes chegou ao Minist\u00e9rio da Economia como \u00eddolo, um liberal que faria uma revolu\u00e7\u00e3o num pa\u00eds acostumado a mamar nas tetas do Estado.<\/h2>\n<p>&nbsp;<\/p>\n<p>Quase um ano e meio depois de empossado e de ostentar o t\u00edtulo de superministro, Guedes, na vis\u00e3o de parte de seus subordinados, mostrou-se incapaz de atacar os principais problemas da economia, muito pelo ego inflado e por se submeter aos caprichos do presidente Jair Bolsonaro.<\/p>\n<p>&nbsp;<\/p>\n<p>Mais: os desapontados t\u00e9cnicos dizem que a vis\u00e3o reacion\u00e1ria da Guedes \u00e9 assustadora. O ministro, acredita esse grupo, n\u00e3o tem nenhuma vis\u00e3o social. E, de t\u00e3o vaidoso que \u00e9, aceita ser tra\u00eddo por Bolsonaro para continuar no cargo. &#8220;\u00c9 uma fixa\u00e7\u00e3o. Engana-se quem diz que ele sair\u00e1 do governo a cada derrota que sofre&#8221;, diz um auxiliar do ministro.<\/p>\n<p>&nbsp;<\/p>\n<p>Os que perderam o encanto por Guedes ressaltam, ainda, a incapacidade dele de gerir uma m\u00e1quina t\u00e3o grande quanto o Minist\u00e9rio da Economia, resultado da fus\u00e3o de v\u00e1rias pastas. A percep\u00e7\u00e3o \u00e9 de que, al\u00e9m da inefici\u00eancia, Guedes criou feudos, com alguns secret\u00e1rios t\u00e3o ou mais vaidosos que o chefe.<\/p>\n<p>&nbsp;<\/p>\n<p><strong>30 anos de espera<\/strong><\/p>\n<p>&nbsp;<\/p>\n<p>Sempre se soube que o sonho de Paulo Guedes foi comandar a equipe econ\u00f4mica do pa\u00eds. Tentou isso durante 30 anos, mas nenhum dos grupos de economistas que passaram pelo governo se sentiu estimulado a ter uma pessoa como Guedes na equipe. Foi preciso Bolsonaro vencer a elei\u00e7\u00e3o para que o &#8220;Posto Ipiranga&#8221; emergisse.<\/p>\n<p>&nbsp;<\/p>\n<p>Para os t\u00e9cnicos, os resultados da economia neste ano, por causa da pandemia do novo coronav\u00edrus, explicitar\u00e3o a falta de capacidade de Guedes para liderar um grande projeto de prote\u00e7\u00e3o ao pa\u00eds. O Brasil ter\u00e1, por equ\u00edvocos do governo, um dos piores resultados econ\u00f4micos do mundo e ser\u00e1 um dos \u00faltimos a se recuperar.<\/p>\n<p>&nbsp;<\/p>\n<p>N\u00e3o por acaso, a desconfian\u00e7a dos investidores, sobretudo os estrangeiros, em rela\u00e7\u00e3o ao pa\u00eds \u00e9 grande. Guedes \u00e9 parecido demais com Bolsonaro.<\/p>\n<p>&nbsp;<\/p>\n<p><em>Bras\u00edlia, 16h01min<\/em><\/p>\n","protected":false},"excerpt":{"rendered":"<p>Basta meia hora de conversa com t\u00e9cnicos da equipe econ\u00f4mica para se constatar que o encanto em rela\u00e7\u00e3o ao ministro Paulo Guedes acabou para muito deles. Guedes chegou ao Minist\u00e9rio da Economia como \u00eddolo, um liberal que faria uma revolu\u00e7\u00e3o num pa\u00eds acostumado a mamar nas tetas do Estado. &nbsp; Quase um ano e meio [&hellip;]<\/p>\n","protected":false},"author":22,"featured_media":10371,"comment_status":"open","ping_status":"closed","sticky":false,"template":"","format":"standard","meta":{"wpb_read_more":[],"footnotes":""},"categories":[600],"tags":[2554,360,4627,3613],"class_list":["post-14146","post","type-post","status-publish","format-standard","has-post-thumbnail","hentry","category-economia","tag-bolsonaro","tag-equipe-economica","tag-idolo","tag-paulo-guedes"],"_links":{"self":[{"href":"https:\/\/blogs2.correiobraziliense.com.br\/vicente\/wp-json\/wp\/v2\/posts\/14146","targetHints":{"allow":["GET"]}}],"collection":[{"href":"https:\/\/blogs2.correiobraziliense.com.br\/vicente\/wp-json\/wp\/v2\/posts"}],"about":[{"href":"https:\/\/blogs2.correiobraziliense.com.br\/vicente\/wp-json\/wp\/v2\/types\/post"}],"author":[{"embeddable":true,"href":"https:\/\/blogs2.correiobraziliense.com.br\/vicente\/wp-json\/wp\/v2\/users\/22"}],"replies":[{"embeddable":true,"href":"https:\/\/blogs2.correiobraziliense.com.br\/vicente\/wp-json\/wp\/v2\/comments?post=14146"}],"version-history":[{"count":0,"href":"https:\/\/blogs2.correiobraziliense.com.br\/vicente\/wp-json\/wp\/v2\/posts\/14146\/revisions"}],"wp:featuredmedia":[{"embeddable":true,"href":"https:\/\/blogs2.correiobraziliense.com.br\/vicente\/wp-json\/wp\/v2\/media\/10371"}],"wp:attachment":[{"href":"https:\/\/blogs2.correiobraziliense.com.br\/vicente\/wp-json\/wp\/v2\/media?parent=14146"}],"wp:term":[{"taxonomy":"category","embeddable":true,"href":"https:\/\/blogs2.correiobraziliense.com.br\/vicente\/wp-json\/wp\/v2\/categories?post=14146"},{"taxonomy":"post_tag","embeddable":true,"href":"https:\/\/blogs2.correiobraziliense.com.br\/vicente\/wp-json\/wp\/v2\/tags?post=14146"}],"curies":[{"name":"wp","href":"https:\/\/api.w.org\/{rel}","templated":true}]}}