{"id":14148,"date":"2020-05-19T15:19:12","date_gmt":"2020-05-19T18:19:12","guid":{"rendered":"https:\/\/blogs2.correiobraziliense.com.br\/vicente\/?p=14148"},"modified":"2020-05-19T15:19:12","modified_gmt":"2020-05-19T18:19:12","slug":"governo-acelera-digitalizacao-de-servicos-e-quer-economizar-r-38-bi-ate-2025","status":"publish","type":"post","link":"https:\/\/blogs2.correiobraziliense.com.br\/vicente\/governo-acelera-digitalizacao-de-servicos-e-quer-economizar-r-38-bi-ate-2025\/","title":{"rendered":"Governo acelera digitaliza\u00e7\u00e3o de servi\u00e7os e quer economizar R$ 38 bi at\u00e9 2025"},"content":{"rendered":"<h2>O governo decidiu acelerar a digitaliza\u00e7\u00e3o dos servi\u00e7os prestados \u00e0 popula\u00e7\u00e3o. A meta \u00e9 economizar R$ 38 bilh\u00f5es at\u00e9 o fim de 2025 por meio da elimina\u00e7\u00e3o de papel e da burocracia, de diminui\u00e7\u00e3o na loca\u00e7\u00e3o de estruturas e manuten\u00e7\u00e3o dessa log\u00edstica, de conten\u00e7\u00e3o na contrata\u00e7\u00e3o de pessoal para atendimento presencial e com a redu\u00e7\u00e3o de perdas com erros e fraudes.<\/h2>\n<p>&nbsp;<\/p>\n<p>Desde a declara\u00e7\u00e3o da pandemia do novo coronav\u00edrus, em mar\u00e7o, foram criados 130 servi\u00e7os digitais, totalizando, agora, 700. O acesso ao portal de servi\u00e7os aumentou muito depois da cria\u00e7\u00e3o do aux\u00edlio emergencial de R$ 600 pago a pessoas que perderam renda neste momento. N\u00e3o por acaso, os servi\u00e7os mais acessados do <em>gov.br<\/em> s\u00e3o: inscrever-se no Cadastro \u00danico para programas sociais do governo federal, solicitar aux\u00edlio emergencial e requisitar o seguro-desemprego.<\/p>\n<p>&nbsp;<\/p>\n<p>&#8220;A nossa estrat\u00e9gia \u00e9 colocar o governo na palma da m\u00e3o de todo o brasileiro. Estamos dedicados a essa transforma\u00e7\u00e3o digital e que os servi\u00e7os p\u00fablicos estejam 24 horas por dia, sete dias por semana, dispon\u00edveis em todos os dispositivos, em todas as plataformas, todos os assistentes, todos os aplicativos de mensagem e no portal <em>gov.br<\/em>&#8220;, diz o secret\u00e1rio de Governo Digital do Minist\u00e9rio da Economia, Luis Felipe Monteiro. &#8220;Ou seja, onde o cidad\u00e3o estiver, t\u00eam de estar os servi\u00e7os p\u00fablicos&#8221;, emenda.<\/p>\n<p>&nbsp;<\/p>\n<p>Com os servi\u00e7os digitalizados, a economia anual para o governo, em quase um ano e meio, alcan\u00e7ou R$ 2,2 bilh\u00f5es, dos quais R$ 1,4 bilh\u00e3o para a popula\u00e7\u00e3o, que deixou de gastar com deslocamentos, pagamento de despachantes para contornar a burocracia.<\/p>\n<p>&nbsp;<\/p>\n<p>A Secretaria de Governo Digital contabiliza que os usu\u00e1rios j\u00e1 est\u00e3o poupando 148 milh\u00f5es de horas de burocracia por ano com os servi\u00e7os on-line. \u00c9 o equivalente a um dia inteiro de trabalho da popula\u00e7\u00e3o economicamente ativa da Grande S\u00e3o Paulo.<\/p>\n<p>&nbsp;<\/p>\n<p><em>Bras\u00edlia, 15h19min<\/em><\/p>\n","protected":false},"excerpt":{"rendered":"<p>O governo decidiu acelerar a digitaliza\u00e7\u00e3o dos servi\u00e7os prestados \u00e0 popula\u00e7\u00e3o. A meta \u00e9 economizar R$ 38 bilh\u00f5es at\u00e9 o fim de 2025 por meio da elimina\u00e7\u00e3o de papel e da burocracia, de diminui\u00e7\u00e3o na loca\u00e7\u00e3o de estruturas e manuten\u00e7\u00e3o dessa log\u00edstica, de conten\u00e7\u00e3o na contrata\u00e7\u00e3o de pessoal para atendimento presencial e com a redu\u00e7\u00e3o [&hellip;]<\/p>\n","protected":false},"author":22,"featured_media":10448,"comment_status":"open","ping_status":"closed","sticky":false,"template":"","format":"standard","meta":{"wpb_read_more":[],"footnotes":""},"categories":[600],"tags":[4628,2850,457,2463,2462,414],"class_list":["post-14148","post","type-post","status-publish","format-standard","has-post-thumbnail","hentry","category-economia","tag-burocracia","tag-digitalizacao","tag-erros","tag-perdas","tag-publicos","tag-servicos"],"_links":{"self":[{"href":"https:\/\/blogs2.correiobraziliense.com.br\/vicente\/wp-json\/wp\/v2\/posts\/14148","targetHints":{"allow":["GET"]}}],"collection":[{"href":"https:\/\/blogs2.correiobraziliense.com.br\/vicente\/wp-json\/wp\/v2\/posts"}],"about":[{"href":"https:\/\/blogs2.correiobraziliense.com.br\/vicente\/wp-json\/wp\/v2\/types\/post"}],"author":[{"embeddable":true,"href":"https:\/\/blogs2.correiobraziliense.com.br\/vicente\/wp-json\/wp\/v2\/users\/22"}],"replies":[{"embeddable":true,"href":"https:\/\/blogs2.correiobraziliense.com.br\/vicente\/wp-json\/wp\/v2\/comments?post=14148"}],"version-history":[{"count":0,"href":"https:\/\/blogs2.correiobraziliense.com.br\/vicente\/wp-json\/wp\/v2\/posts\/14148\/revisions"}],"wp:featuredmedia":[{"embeddable":true,"href":"https:\/\/blogs2.correiobraziliense.com.br\/vicente\/wp-json\/wp\/v2\/media\/10448"}],"wp:attachment":[{"href":"https:\/\/blogs2.correiobraziliense.com.br\/vicente\/wp-json\/wp\/v2\/media?parent=14148"}],"wp:term":[{"taxonomy":"category","embeddable":true,"href":"https:\/\/blogs2.correiobraziliense.com.br\/vicente\/wp-json\/wp\/v2\/categories?post=14148"},{"taxonomy":"post_tag","embeddable":true,"href":"https:\/\/blogs2.correiobraziliense.com.br\/vicente\/wp-json\/wp\/v2\/tags?post=14148"}],"curies":[{"name":"wp","href":"https:\/\/api.w.org\/{rel}","templated":true}]}}