{"id":14196,"date":"2020-05-31T15:15:35","date_gmt":"2020-05-31T18:15:35","guid":{"rendered":"https:\/\/blogs2.correiobraziliense.com.br\/vicente\/?p=14196"},"modified":"2020-05-31T15:15:35","modified_gmt":"2020-05-31T18:15:35","slug":"pms-do-rio-e-de-sao-paulo-atacam-manifestantes-a-favor-da-democracia","status":"publish","type":"post","link":"https:\/\/blogs2.correiobraziliense.com.br\/vicente\/pms-do-rio-e-de-sao-paulo-atacam-manifestantes-a-favor-da-democracia\/","title":{"rendered":"PMs do Rio e de S\u00e3o Paulo atacam manifestantes a favor da democracia"},"content":{"rendered":"<h2><img decoding=\"async\" src=\"https:\/\/i.correiobraziliense.com.br\/mbFFi1orpw6haajJtJ6fBwcC_R0=\/675x\/smart\/imgsapp2.correiobraziliense.com.br\/app\/noticia_127983242361\/2020\/05\/31\/859832\/20200531152755143094u.jpg\" alt=\"(foto: twitter)\" \/><\/h2>\n<h2><\/h2>\n<h2>Policiais militares deixaram claro de que lado est\u00e3o neste momento t\u00e3o conturbado vivido pelo pa\u00eds, em que a democracia est\u00e1 em risco. Em manifesta\u00e7\u00f5es neste domingo (31\/05) no Rio de Janeiro e em S\u00e3o Paulo, as PMs optaram por reprimir manifestantes que sa\u00edram \u00e0s ruas para defender o regime democr\u00e1tico e fecharam os olhos para os movimentos que pregaram o golpe militar e o fechamento do Congresso e do Supremo Tribunal Federal (STF).<\/h2>\n<p>&nbsp;<\/p>\n<p>Em S\u00e3o Paulo, jovem torcedores dos quatro principais times do estado \u2014 Corinthians, S\u00e3o Paulo, Palmeiras e Santos \u2014 foram reprimidos com viol\u00eancia pela PM ao se posicionarem a favor da democracia. Esse manifestantes fizeram um contraponto a grupos que ocuparam parte da Avenida Paulista para defender o governo de Jair Bolsonaro e a volta da ditadura. Policiais dispararam bombas de g\u00e1s lacrimog\u00eanio contra os defensores da democracia.<\/p>\n<p>&nbsp;<\/p>\n<p>No Rio, um policial disse a um deputado bolsonarista que mandou queimar uma faixa pr\u00f3-democracia. As manifesta\u00e7\u00f5es aconteceram na orla de Copacabana na manh\u00e3 deste domingo. Havia grupos a favor e contra o governo de Bolsonaro. Durante transmiss\u00e3o ao vivo nas redes sociais do deputado federal Daniel Silveira (PSL-RJ), um policial foi flagrado dizendo que mandou queimar a bandeira contra o governo.<\/p>\n<p>&nbsp;<\/p>\n<p>Para dispersar o grupo a favor da democracia e contra o fascismo, a Pol\u00edcia Militar do Rio usou bombas de efeito moral, o que chamou a aten\u00e7\u00e3o dos presentes. Nada foi feito em rela\u00e7\u00e3o aos que defendiam a ditadura. O mesmo ocorreu em S\u00e3o Paulo, indicando que as PMs, em sua maioria, est\u00e3o fechadas com os movimentos a favor do fechamento do Congresso e do STF, com a volta da ditadura militar.<\/p>\n<p>&nbsp;<\/p>\n<p>Em S\u00e3o Paulo, a PM disse que foi atacada por pedras pelos torcedores dos quatro times que repudiaram os atos fascistas. No Rio, a PM se calou. O clima nas ruas das duas principais capitais do pa\u00eds \u00e9 de tens\u00e3o. Em Bras\u00edlia, Bolsonaro usou em helic\u00f3ptero e andou a cavalo em apoio os poucos seguidores que foram \u00e0s ruas defender o governo.<\/p>\n<p>&nbsp;<\/p>\n<p><em>Bras\u00edlia, 15h15min<\/em><\/p>\n","protected":false},"excerpt":{"rendered":"<p>Policiais militares deixaram claro de que lado est\u00e3o neste momento t\u00e3o conturbado vivido pelo pa\u00eds, em que a democracia est\u00e1 em risco. Em manifesta\u00e7\u00f5es neste domingo (31\/05) no Rio de Janeiro e em S\u00e3o Paulo, as PMs optaram por reprimir manifestantes que sa\u00edram \u00e0s ruas para defender o regime democr\u00e1tico e fecharam os olhos para [&hellip;]<\/p>\n","protected":false},"author":22,"featured_media":0,"comment_status":"open","ping_status":"closed","sticky":false,"template":"","format":"standard","meta":{"wpb_read_more":[],"footnotes":""},"categories":[600],"tags":[4207,4249,467,370,3488,273,4644,1553,33],"class_list":["post-14196","post","type-post","status-publish","format-standard","hentry","category-economia","tag-corinthians","tag-democracia","tag-governo","tag-manifestacoes","tag-palmeiras","tag-rio","tag-santos","tag-sao-paulo","tag-violencia"],"_links":{"self":[{"href":"https:\/\/blogs2.correiobraziliense.com.br\/vicente\/wp-json\/wp\/v2\/posts\/14196","targetHints":{"allow":["GET"]}}],"collection":[{"href":"https:\/\/blogs2.correiobraziliense.com.br\/vicente\/wp-json\/wp\/v2\/posts"}],"about":[{"href":"https:\/\/blogs2.correiobraziliense.com.br\/vicente\/wp-json\/wp\/v2\/types\/post"}],"author":[{"embeddable":true,"href":"https:\/\/blogs2.correiobraziliense.com.br\/vicente\/wp-json\/wp\/v2\/users\/22"}],"replies":[{"embeddable":true,"href":"https:\/\/blogs2.correiobraziliense.com.br\/vicente\/wp-json\/wp\/v2\/comments?post=14196"}],"version-history":[{"count":0,"href":"https:\/\/blogs2.correiobraziliense.com.br\/vicente\/wp-json\/wp\/v2\/posts\/14196\/revisions"}],"wp:attachment":[{"href":"https:\/\/blogs2.correiobraziliense.com.br\/vicente\/wp-json\/wp\/v2\/media?parent=14196"}],"wp:term":[{"taxonomy":"category","embeddable":true,"href":"https:\/\/blogs2.correiobraziliense.com.br\/vicente\/wp-json\/wp\/v2\/categories?post=14196"},{"taxonomy":"post_tag","embeddable":true,"href":"https:\/\/blogs2.correiobraziliense.com.br\/vicente\/wp-json\/wp\/v2\/tags?post=14196"}],"curies":[{"name":"wp","href":"https:\/\/api.w.org\/{rel}","templated":true}]}}