{"id":14198,"date":"2020-05-31T13:24:00","date_gmt":"2020-05-31T16:24:00","guid":{"rendered":"https:\/\/blogs2.correiobraziliense.com.br\/vicente\/?p=14198"},"modified":"2020-05-31T13:24:00","modified_gmt":"2020-05-31T16:24:00","slug":"role-de-bolsonaro-no-sabado-teve-churrasco-na-fazenda-de-amado-batista","status":"publish","type":"post","link":"https:\/\/blogs2.correiobraziliense.com.br\/vicente\/role-de-bolsonaro-no-sabado-teve-churrasco-na-fazenda-de-amado-batista\/","title":{"rendered":"Rol\u00ea de Bolsonaro no s\u00e1bado teve churrasco na fazenda de Amado Batista"},"content":{"rendered":"<h2>O rol\u00ea do presidente Jair Bolsonaro no s\u00e1bado (30\/05) por Goi\u00e1s teve, no roteiro, churrasco na fazenda do cantor Amado Batista. Pelo menos 10 bois foram abatidos para a festan\u00e7a, em que a maioria dos presentes estava sem m\u00e1scara de prote\u00e7\u00e3o contra o novo coronav\u00edrus.<\/h2>\n<p>&nbsp;<\/p>\n<p>A festan\u00e7a est\u00e1 registrada na redes sociais de v\u00e1rios participantes. Bolsonaro saiu pela manh\u00e3 de helic\u00f3ptero de Bras\u00edlia. Parou em Abadi\u00e2nia, onde comeu pastel em uma lanchonete. Depois, foi ao\u00a0Comando de Opera\u00e7\u00f5es Especiais do Ex\u00e9rcito de Goi\u00e2nia, onde participou de uma a\u00e7\u00e3o de combate ao tr\u00e1fico de drogas realizada pela Pol\u00edcia Rodovi\u00e1ria Federal (PRF). Tamb\u00e9m nesse evento n\u00e3o usou m\u00e1scaras e abra\u00e7ou agentes.<\/p>\n<p>&nbsp;<\/p>\n<p><a href=\"https:\/\/www.instagram.com\/p\/CA1I0lDnSqj\/\">https:\/\/www.instagram.com\/p\/CA1I0lDnSqj\/<\/a><\/p>\n<p>&nbsp;<\/p>\n<p>Um dos participantes do churrasco que registrou a presen\u00e7a de Bolsonaro na fazenda de Amado Batista foi o secret\u00e1rio de Ind\u00fastria e Com\u00e9rcio de Goi\u00e1s, Wilder Moraes. Ele, inclusive, postou uma mensagem de agradecimento ao presidente da Rep\u00fablica.<\/p>\n<p>&nbsp;<\/p>\n<p>&#8220;Muito obrigado ao compadre Amado Batista por me proporcionar o 5\u00b0 encontro com o presidente Jair Bolsonaro em sua fazenda. No o\u0301timo papo da manha\u0303 deste sa\u0301bado, agradeci ao PR por prestigiar Goia\u0301s com sua presenc\u0327a e a mim com sua amizade, que e\u0301 reci\u0301proca: eu o apoiei nos dois turnos&#8221;, disse.<\/p>\n<p>&nbsp;<\/p>\n<p>Ele contou ainda que conversaram como a internacionalizac\u0327a\u0303o do Aeroporto Santa Genoveva, de Goi\u00e2nia, e a construc\u0327a\u0303o de anel via\u0301rio da capital de Goi\u00e1s, al\u00e9m da ferrovias Norte-Sul e Centro-Leste.<\/p>\n<p>&nbsp;<\/p>\n<p><em>Bras\u00edlia, 13h24min<\/em><\/p>\n","protected":false},"excerpt":{"rendered":"<p>O rol\u00ea do presidente Jair Bolsonaro no s\u00e1bado (30\/05) por Goi\u00e1s teve, no roteiro, churrasco na fazenda do cantor Amado Batista. Pelo menos 10 bois foram abatidos para a festan\u00e7a, em que a maioria dos presentes estava sem m\u00e1scara de prote\u00e7\u00e3o contra o novo coronav\u00edrus. &nbsp; A festan\u00e7a est\u00e1 registrada na redes sociais de v\u00e1rios [&hellip;]<\/p>\n","protected":false},"author":22,"featured_media":0,"comment_status":"open","ping_status":"closed","sticky":false,"template":"","format":"standard","meta":{"wpb_read_more":[],"footnotes":""},"categories":[600],"tags":[],"class_list":["post-14198","post","type-post","status-publish","format-standard","hentry","category-economia"],"_links":{"self":[{"href":"https:\/\/blogs2.correiobraziliense.com.br\/vicente\/wp-json\/wp\/v2\/posts\/14198","targetHints":{"allow":["GET"]}}],"collection":[{"href":"https:\/\/blogs2.correiobraziliense.com.br\/vicente\/wp-json\/wp\/v2\/posts"}],"about":[{"href":"https:\/\/blogs2.correiobraziliense.com.br\/vicente\/wp-json\/wp\/v2\/types\/post"}],"author":[{"embeddable":true,"href":"https:\/\/blogs2.correiobraziliense.com.br\/vicente\/wp-json\/wp\/v2\/users\/22"}],"replies":[{"embeddable":true,"href":"https:\/\/blogs2.correiobraziliense.com.br\/vicente\/wp-json\/wp\/v2\/comments?post=14198"}],"version-history":[{"count":0,"href":"https:\/\/blogs2.correiobraziliense.com.br\/vicente\/wp-json\/wp\/v2\/posts\/14198\/revisions"}],"wp:attachment":[{"href":"https:\/\/blogs2.correiobraziliense.com.br\/vicente\/wp-json\/wp\/v2\/media?parent=14198"}],"wp:term":[{"taxonomy":"category","embeddable":true,"href":"https:\/\/blogs2.correiobraziliense.com.br\/vicente\/wp-json\/wp\/v2\/categories?post=14198"},{"taxonomy":"post_tag","embeddable":true,"href":"https:\/\/blogs2.correiobraziliense.com.br\/vicente\/wp-json\/wp\/v2\/tags?post=14198"}],"curies":[{"name":"wp","href":"https:\/\/api.w.org\/{rel}","templated":true}]}}