{"id":142,"date":"2015-07-22T16:05:00","date_gmt":"2015-07-22T19:05:00","guid":{"rendered":"https:\/\/blogs2.correiobraziliense.com.br\/vicente\/o_medo_de_dilma\/"},"modified":"2015-07-22T16:05:00","modified_gmt":"2015-07-22T19:05:00","slug":"o_medo_de_dilma","status":"publish","type":"post","link":"https:\/\/blogs2.correiobraziliense.com.br\/vicente\/o_medo_de_dilma\/","title":{"rendered":"O MEDO DE DILMA"},"content":{"rendered":"\n<p>Fontes do Pal\u00e1cio do Planalto garantem que o fator preponderante para a redu\u00e7\u00e3o da meta fiscal de 1,13% para 0,15% do Produto Interno Bruto (PIB) foi o medo da presidente Dilma Rousseff de enfrentar novos problemas com o Tribunal de Contas da Uni\u00e3o (TCU).  <\/p>\n<p>Por causa das pedaladas fiscais de 2014, a petista corre o risco de perder o mandato. O TCU julgar\u00e1 as contas do ano passado at\u00e9 a segunda quinzena de agosto. Hoje, termina o prazo para que Dilma apresente ao Tribunal as justificativas para as estripulias fiscais comandadas pelo ent\u00e3o ministro da Fazenda, Guido Mantega. <\/p>\n<p>Nas discuss\u00f5es sobre a redu\u00e7\u00e3o da meta, Dilma determinou que o governo anunciasse o n\u00famero mais cr\u00edvel poss\u00edvel, sem qualquer manobra. Usou o termo &#8220;100% de transpar\u00eancia&#8221;. Para a presidente, a meta fiscal tem que ser fact\u00edvel, com o governo limpando todos os esqueletos criados por ela no governo passado. <\/p>\n<p>Dilma tamb\u00e9m levou em considera\u00e7\u00e3o o fato de ter que anunciar um grande corte de gastos, que paralisaria o governo. Ela seria obrigada a reduzir programas sociais num momento em que a popularidade est\u00e1 n\u00e3o ch\u00e3o. A presidente n\u00e3o aceita cortar o que chama de rede de prote\u00e7\u00e3o social num momento de forte contra\u00e7\u00e3o da economia e de disparada do desemprego. <\/p>\n<p>Apesar dessa posi\u00e7\u00e3o de Dilma, os investidores est\u00e3o arredios em rela\u00e7\u00e3o ao ajuste, pois a redu\u00e7\u00e3o da meta para 0,15% do PIB mostrou a fragilidade do ministro da Fazenda, Joaquim Levy. O Planalto tratou de difundir junto ao mercado que o chefe da equipe econ\u00f4mica est\u00e1 mais forte do que nunca, que apenas est\u00e1 se adaptando \u00e0s circunst\u00e2ncias dif\u00edceis enfrentadas pelo pa\u00eds. <\/p>\n<p>Levy sabe que, independentemente das justificativas que o governo venha a dar, sua imagem ficou arranhada. E que a press\u00e3o sobre ele vai aumentar, pois a ala pol\u00edtica do governo identificou que h\u00e1 brechas escancaradas para fustig\u00e1-lo. <\/p>\n<p>Bras\u00edlia, 16h01min   <\/p>\n","protected":false},"excerpt":{"rendered":"<p>Fontes do Pal\u00e1cio do Planalto garantem que o fator preponderante para a redu\u00e7\u00e3o da meta fiscal de 1,13% para 0,15% do Produto Interno Bruto (PIB) foi o medo da presidente Dilma Rousseff de enfrentar novos problemas com o Tribunal de Contas da Uni\u00e3o (TCU). Por causa das pedaladas fiscais de 2014, a petista corre o [&hellip;]<\/p>\n","protected":false},"author":22,"featured_media":0,"comment_status":"open","ping_status":"open","sticky":false,"template":"","format":"standard","meta":{"wpb_read_more":[],"footnotes":""},"categories":[1],"tags":[],"class_list":["post-142","post","type-post","status-publish","format-standard","hentry","category-sem-categoria"],"_links":{"self":[{"href":"https:\/\/blogs2.correiobraziliense.com.br\/vicente\/wp-json\/wp\/v2\/posts\/142","targetHints":{"allow":["GET"]}}],"collection":[{"href":"https:\/\/blogs2.correiobraziliense.com.br\/vicente\/wp-json\/wp\/v2\/posts"}],"about":[{"href":"https:\/\/blogs2.correiobraziliense.com.br\/vicente\/wp-json\/wp\/v2\/types\/post"}],"author":[{"embeddable":true,"href":"https:\/\/blogs2.correiobraziliense.com.br\/vicente\/wp-json\/wp\/v2\/users\/22"}],"replies":[{"embeddable":true,"href":"https:\/\/blogs2.correiobraziliense.com.br\/vicente\/wp-json\/wp\/v2\/comments?post=142"}],"version-history":[{"count":0,"href":"https:\/\/blogs2.correiobraziliense.com.br\/vicente\/wp-json\/wp\/v2\/posts\/142\/revisions"}],"wp:attachment":[{"href":"https:\/\/blogs2.correiobraziliense.com.br\/vicente\/wp-json\/wp\/v2\/media?parent=142"}],"wp:term":[{"taxonomy":"category","embeddable":true,"href":"https:\/\/blogs2.correiobraziliense.com.br\/vicente\/wp-json\/wp\/v2\/categories?post=142"},{"taxonomy":"post_tag","embeddable":true,"href":"https:\/\/blogs2.correiobraziliense.com.br\/vicente\/wp-json\/wp\/v2\/tags?post=142"}],"curies":[{"name":"wp","href":"https:\/\/api.w.org\/{rel}","templated":true}]}}