{"id":14218,"date":"2020-06-05T14:10:14","date_gmt":"2020-06-05T17:10:14","guid":{"rendered":"https:\/\/blogs2.correiobraziliense.com.br\/vicente\/?p=14218"},"modified":"2020-06-05T14:10:14","modified_gmt":"2020-06-05T17:10:14","slug":"governo-autoriza-contratacao-emergencial-de-14-mil-pessoas-para-o-ministerio-do-meio-ambiente","status":"publish","type":"post","link":"https:\/\/blogs2.correiobraziliense.com.br\/vicente\/governo-autoriza-contratacao-emergencial-de-14-mil-pessoas-para-o-ministerio-do-meio-ambiente\/","title":{"rendered":"Governo autoriza contrata\u00e7\u00e3o emergencial de 1,4 mil pessoas para o Minist\u00e9rio do Meio Ambiente"},"content":{"rendered":"<h2>Em meio \u00e0 enxurrada de cr\u00edticas contra o ministro Ricardo Salles, do Meio Ambiente, o governo autorizou a contrata\u00e7\u00e3o de 1.481 profissionais para atuar em emerg\u00eancias ambientais. Foi uma forma de tentar aplacar as queixas de que h\u00e1 descaso do governo em rela\u00e7\u00e3o \u00e0 pasta.<\/h2>\n<p>&nbsp;<\/p>\n<p>A contrata\u00e7\u00e3o foi autorizada pela\u00a0Portaria Interministerial n\u00ba 13.378, publicada na quinta-feira (04\/06), assinada pela Secretaria Especial de Desburocratiza\u00e7\u00e3o, Gest\u00e3o e Governo Digital do Minist\u00e9rio da Economia e pelo Minist\u00e9rio do Meio Ambiente.<\/p>\n<p>&nbsp;<\/p>\n<p>Os contratados ser\u00e3o alocados no Instituto Brasileiro do Meio Ambiente e dos Recursos Naturais Renov\u00e1veis (Ibama). Ser\u00e3o 1.160 vagas para brigadistas, 281 para cargos de chefia de Esquadr\u00e3o e Brigada e 40 para supervisores de brigada.<\/p>\n<p>&nbsp;<\/p>\n<p>Os contratos ter\u00e3o validade de at\u00e9 seis meses, podendo ser prorrogados pelo prazo necess\u00e1rio at\u00e9 que a situa\u00e7\u00e3o de emerg\u00eancia ambiental esteja superada, n\u00e3o excedendo o per\u00edodo de dois anos. O Ibama definir\u00e1 a remunera\u00e7\u00e3o dos profissionais e est\u00e1 autorizado a publicar edital a partir de junho.<\/p>\n<p>&nbsp;<\/p>\n<p><strong>Medida provis\u00f3ria<\/strong><\/p>\n<p>&nbsp;<\/p>\n<p>Segundo o Minist\u00e9rio da Economia, a autoriza\u00e7\u00e3o das vagas est\u00e1 amparada pela Medida Provis\u00f3ria n\u00ba 922, publicada em 2 de mar\u00e7o de 2020. A MP ampliou o rol de situa\u00e7\u00f5es para contrata\u00e7\u00f5es tempor\u00e1rias na administra\u00e7\u00e3o p\u00fablica federal previstas na Lei 8745\/1993.<\/p>\n<p>&nbsp;<\/p>\n<p>Em dois meses, 19,2 mil contrata\u00e7\u00f5es tempor\u00e1rias foram autorizadas para atender demandas urgentes do governo. Foram 8.230 vagas para o Instituto Nacional do Seguro Social (INSS); 9.275 para o Minist\u00e9rio da Sa\u00fade, das quais 4.117 para os hospitais federais do Rio de Janeiro e 5.158 destinadas a a\u00e7\u00f5es emergenciais de enfrentamento da covid-19; e 249 para o Minist\u00e9rio do Desenvolvimento Regional (MDR).<\/p>\n<p>&nbsp;<\/p>\n<p>As vagas abertas pelo INSS e pelo MDR foram todas direcionadas a servidores p\u00fablicos federais aposentados, conforme prev\u00ea a MP, que est\u00e1 em tramita\u00e7\u00e3o no Congresso. A finalidade do trabalho tempor\u00e1rio nesses \u00f3rg\u00e3os \u00e9 reduzir o passivo processual, utilizando a experi\u00eancia e o conhecimento dessa for\u00e7a de trabalho.<\/p>\n<p>&nbsp;<\/p>\n<p><em>Bras\u00edlia, 14h10min<\/em><\/p>\n","protected":false},"excerpt":{"rendered":"<p>Em meio \u00e0 enxurrada de cr\u00edticas contra o ministro Ricardo Salles, do Meio Ambiente, o governo autorizou a contrata\u00e7\u00e3o de 1.481 profissionais para atuar em emerg\u00eancias ambientais. Foi uma forma de tentar aplacar as queixas de que h\u00e1 descaso do governo em rela\u00e7\u00e3o \u00e0 pasta. &nbsp; A contrata\u00e7\u00e3o foi autorizada pela\u00a0Portaria Interministerial n\u00ba 13.378, publicada [&hellip;]<\/p>\n","protected":false},"author":22,"featured_media":10448,"comment_status":"open","ping_status":"closed","sticky":false,"template":"","format":"standard","meta":{"wpb_read_more":[],"footnotes":""},"categories":[600],"tags":[2841,2591,460,123,4652],"class_list":["post-14218","post","type-post","status-publish","format-standard","has-post-thumbnail","hentry","category-economia","tag-contratacao","tag-ibama","tag-meio-ambiente","tag-servidores","tag-temporaria"],"_links":{"self":[{"href":"https:\/\/blogs2.correiobraziliense.com.br\/vicente\/wp-json\/wp\/v2\/posts\/14218","targetHints":{"allow":["GET"]}}],"collection":[{"href":"https:\/\/blogs2.correiobraziliense.com.br\/vicente\/wp-json\/wp\/v2\/posts"}],"about":[{"href":"https:\/\/blogs2.correiobraziliense.com.br\/vicente\/wp-json\/wp\/v2\/types\/post"}],"author":[{"embeddable":true,"href":"https:\/\/blogs2.correiobraziliense.com.br\/vicente\/wp-json\/wp\/v2\/users\/22"}],"replies":[{"embeddable":true,"href":"https:\/\/blogs2.correiobraziliense.com.br\/vicente\/wp-json\/wp\/v2\/comments?post=14218"}],"version-history":[{"count":0,"href":"https:\/\/blogs2.correiobraziliense.com.br\/vicente\/wp-json\/wp\/v2\/posts\/14218\/revisions"}],"wp:featuredmedia":[{"embeddable":true,"href":"https:\/\/blogs2.correiobraziliense.com.br\/vicente\/wp-json\/wp\/v2\/media\/10448"}],"wp:attachment":[{"href":"https:\/\/blogs2.correiobraziliense.com.br\/vicente\/wp-json\/wp\/v2\/media?parent=14218"}],"wp:term":[{"taxonomy":"category","embeddable":true,"href":"https:\/\/blogs2.correiobraziliense.com.br\/vicente\/wp-json\/wp\/v2\/categories?post=14218"},{"taxonomy":"post_tag","embeddable":true,"href":"https:\/\/blogs2.correiobraziliense.com.br\/vicente\/wp-json\/wp\/v2\/tags?post=14218"}],"curies":[{"name":"wp","href":"https:\/\/api.w.org\/{rel}","templated":true}]}}