{"id":14220,"date":"2020-06-06T12:01:22","date_gmt":"2020-06-06T15:01:22","guid":{"rendered":"https:\/\/blogs2.correiobraziliense.com.br\/vicente\/?p=14220"},"modified":"2020-06-06T12:01:22","modified_gmt":"2020-06-06T15:01:22","slug":"postos-forcam-a-mao-em-reajustes-e-fim-de-semana-tem-gasolina-por-ate-r-4960","status":"publish","type":"post","link":"https:\/\/blogs2.correiobraziliense.com.br\/vicente\/postos-forcam-a-mao-em-reajustes-e-fim-de-semana-tem-gasolina-por-ate-r-4960\/","title":{"rendered":"Postos for\u00e7am a m\u00e3o em reajustes e fim de semana tem gasolina por at\u00e9 R$ 4,960"},"content":{"rendered":"<h2>Os postos de combust\u00edveis for\u00e7aram a m\u00e3o nos reajustes neste fim de semana e os motoristas mais desavisados pagar\u00e3o at\u00e9 R$ 4,960 por litro de gasolina. Esse valor est\u00e1 sendo cobrado por um posto com a bandeira BR na Asa Norte, em Bras\u00edlia.<\/h2>\n<p>&nbsp;<\/p>\n<p>No geral, os pre\u00e7os da gasolina nas bombas est\u00e3o variando entre R$ 3,553 e R$ 3,899 o litro. Portanto, dizem os especialistas, \u00e9 preciso muito aten\u00e7\u00e3o. Pesquisar \u00e9 fundamental para n\u00e3o gastar al\u00e9m da conta.<\/p>\n<p>&nbsp;<\/p>\n<p>Ao <strong>Blog<\/strong>, dois gerentes de postos disseram que os aumentos de pre\u00e7os come\u00e7aram na sexta-feira (05\/06). &#8220;Durante a semana, at\u00e9 praticamos pre\u00e7os um pouco menores. Mas recebemos orienta\u00e7\u00e3o para reajustar os valores nas bombas para o fim de semana&#8221;, diz um dos gerentes.<\/p>\n<p>&nbsp;<\/p>\n<p>A perspectiva dos donos de postos \u00e9 de que, com boa parte das atividades comerciais liberadas pelo Governo do Distrito Federal (GDF), as pessoas se sentir\u00e3o mais confort\u00e1veis para tirar os carros da garagem para passear, depois de um longo per\u00edodo de isolamento social.<\/p>\n<p>&nbsp;<\/p>\n<p>&#8220;Estamos esperando um bom movimento nos postos neste fim de semana&#8221;, destaca um dos gerentes. &#8220;A meta \u00e9 ampliar o faturamento, que andou muito ruim nos \u00faltimos tr\u00eas meses. Tivemos queda superior a 50% no faturamento&#8221;, acrescenta o outro.<\/p>\n<p>&nbsp;<\/p>\n<p>Para o aposentado L\u00facio Carlos Silveira, 64 anos, os postos est\u00e3o abusando dos pre\u00e7os. &#8220;Ouvi que a Petrobras reduziu bastante os valores da gasolina nas refinarias. Ent\u00e3o, por que os postos reajustam os valores nas bombas?&#8221;, questiona. &#8220;\u00c9 muita gan\u00e2ncia&#8221;, frisa.<\/p>\n<p>&nbsp;<\/p>\n<p>Silveira conta que tem sa\u00eddo muito pouco de casa desde que foi decretada a pandemia do novo coronav\u00edrus. Mas, neste s\u00e1bado (06\/06), foi obrigado a abastecer o carro porque precisou ir ao supermercado rep\u00f4r a despensa. &#8220;Foi necessidade mesmo&#8221;, afirma.<\/p>\n<p>&nbsp;<\/p>\n<p>O aposentado ressalta ainda que, com o tanque cheio e o isolamento social, s\u00f3 pretende abastecer o carro daqui a dois ou tr\u00eas meses. &#8220;Vou economizar o quanto for poss\u00edvel&#8221;, destaca. Ao fixar os pre\u00e7os dos combust\u00edveis nas refinarias, a Petrobras leva em conta a cota\u00e7\u00e3o do petr\u00f3leo no mercado internacional e o valor do d\u00f3lar.<\/p>\n<p>&nbsp;<\/p>\n<p><em>Bras\u00edlia, 12h01min<\/em><\/p>\n","protected":false},"excerpt":{"rendered":"<p>Os postos de combust\u00edveis for\u00e7aram a m\u00e3o nos reajustes neste fim de semana e os motoristas mais desavisados pagar\u00e3o at\u00e9 R$ 4,960 por litro de gasolina. Esse valor est\u00e1 sendo cobrado por um posto com a bandeira BR na Asa Norte, em Bras\u00edlia. &nbsp; No geral, os pre\u00e7os da gasolina nas bombas est\u00e3o variando entre [&hellip;]<\/p>\n","protected":false},"author":22,"featured_media":12528,"comment_status":"open","ping_status":"closed","sticky":false,"template":"","format":"standard","meta":{"wpb_read_more":[],"footnotes":""},"categories":[600],"tags":[4419,1033,268,4653,1961,124],"class_list":["post-14220","post","type-post","status-publish","format-standard","has-post-thumbnail","hentry","category-economia","tag-coronavirus","tag-fim-de-semana","tag-gasolina","tag-isolamento-social","tag-postos","tag-reajustes"],"_links":{"self":[{"href":"https:\/\/blogs2.correiobraziliense.com.br\/vicente\/wp-json\/wp\/v2\/posts\/14220","targetHints":{"allow":["GET"]}}],"collection":[{"href":"https:\/\/blogs2.correiobraziliense.com.br\/vicente\/wp-json\/wp\/v2\/posts"}],"about":[{"href":"https:\/\/blogs2.correiobraziliense.com.br\/vicente\/wp-json\/wp\/v2\/types\/post"}],"author":[{"embeddable":true,"href":"https:\/\/blogs2.correiobraziliense.com.br\/vicente\/wp-json\/wp\/v2\/users\/22"}],"replies":[{"embeddable":true,"href":"https:\/\/blogs2.correiobraziliense.com.br\/vicente\/wp-json\/wp\/v2\/comments?post=14220"}],"version-history":[{"count":0,"href":"https:\/\/blogs2.correiobraziliense.com.br\/vicente\/wp-json\/wp\/v2\/posts\/14220\/revisions"}],"wp:featuredmedia":[{"embeddable":true,"href":"https:\/\/blogs2.correiobraziliense.com.br\/vicente\/wp-json\/wp\/v2\/media\/12528"}],"wp:attachment":[{"href":"https:\/\/blogs2.correiobraziliense.com.br\/vicente\/wp-json\/wp\/v2\/media?parent=14220"}],"wp:term":[{"taxonomy":"category","embeddable":true,"href":"https:\/\/blogs2.correiobraziliense.com.br\/vicente\/wp-json\/wp\/v2\/categories?post=14220"},{"taxonomy":"post_tag","embeddable":true,"href":"https:\/\/blogs2.correiobraziliense.com.br\/vicente\/wp-json\/wp\/v2\/tags?post=14220"}],"curies":[{"name":"wp","href":"https:\/\/api.w.org\/{rel}","templated":true}]}}