{"id":14222,"date":"2020-06-06T15:45:24","date_gmt":"2020-06-06T18:45:24","guid":{"rendered":"https:\/\/blogs2.correiobraziliense.com.br\/vicente\/?p=14222"},"modified":"2020-06-06T15:45:24","modified_gmt":"2020-06-06T18:45:24","slug":"bolsonaro-surtou-de-vez-dizem-tecnicos-do-ministerio-da-saude","status":"publish","type":"post","link":"https:\/\/blogs2.correiobraziliense.com.br\/vicente\/bolsonaro-surtou-de-vez-dizem-tecnicos-do-ministerio-da-saude\/","title":{"rendered":"&#8220;Bolsonaro surtou de vez&#8221;, dizem t\u00e9cnicos do Minist\u00e9rio da Sa\u00fade"},"content":{"rendered":"<h2>T\u00e9cnicos s\u00e9rios do Minist\u00e9rio da Sa\u00fade, com listas imensas de bons servi\u00e7os prestados ao pa\u00eds, dizem que o presidente Jair Bolsonaro &#8220;surtou de vez&#8221; diante dos n\u00fameros cada vez mais dram\u00e1ticos da covid-19 no pa\u00eds, com mais de 35 mil mortos pela doen\u00e7a.<\/h2>\n<p>&nbsp;<\/p>\n<p>Para esses t\u00e9cnicos, a decis\u00e3o do presidente de &#8220;maquiar&#8221; os dados da doen\u00e7a, inclusive com a recontagem dos mortos, que ele acredita ser em n\u00famero menor do que o divulgado oficialmente, s\u00f3 explicita o tamanho do descaso do governo em rela\u00e7\u00e3o \u00e0 pandemia do novo coronav\u00edrus.<\/p>\n<p>&nbsp;<\/p>\n<p>Os t\u00e9cnicos s\u00e3o firmes em dizer que, desde a semana passada, Bolsonaro vem pressionando o minist\u00e9rio para mudar a forma de divulga\u00e7\u00e3o dos n\u00fameros de contaminados e mortos pelo novo coronav\u00edrus. Ele n\u00e3o s\u00f3 conseguiu adiar o hor\u00e1rio da divulga\u00e7\u00e3o dos dados, que passou para as 22h, como mandou tirar informa\u00e7\u00f5es relevantes do boletim para dificultar o trabalho da imprensa.<\/p>\n<p>&nbsp;<\/p>\n<p>Bolsonaro n\u00e3o se conforma com a repercuss\u00e3o dos n\u00fameros de mortes e de contaminados, que vem derretendo a popularidade dele. Na avalia\u00e7\u00e3o do presidente, h\u00e1 exageros na divulga\u00e7\u00e3o dos n\u00fameros da covid-19, criando p\u00e2nico desnecess\u00e1rio. Ele continua classificando a doen\u00e7a como &#8220;gripezinha&#8221;.<\/p>\n<p>&nbsp;<\/p>\n<p><strong>Manipula\u00e7\u00e3o<\/strong><\/p>\n<p>&nbsp;<\/p>\n<p>As mudan\u00e7as impostas por Bolsonaro na divulga\u00e7\u00e3o dos dados da pandemia do coronav\u00edrus e a informa\u00e7\u00e3o de Carlos Wizard, futuro secret\u00e1rio de Ci\u00eancia, Tecnologia e Insumos Estrat\u00e9gicos do Minist\u00e9rio da Sa\u00fade, de que o governo pretende recontar os mortos pela covid-19 provocaram duras rea\u00e7\u00f5es do\u00a0Conselho Nacional de Secret\u00e1rios de Sa\u00fade (Conass).<\/p>\n<p>&nbsp;<\/p>\n<p>Em nota, o Conselho destacou que, com as mudan\u00e7as, os dados ser\u00e3o &#8220;fantasiosos ou manipulados&#8221;. Na nota, o presidente do Conass, Alberto Betrame, afirma que, &#8220;ao afirmar que secret\u00e1rios de Sa\u00fade falseiam dados sobre \u00f3bitos decorrentes da covid-19 em busca de mais &#8216;or\u00e7amento&#8217;, o secret\u00e1rio (Wizard), al\u00e9m de revelar sua profunda ignor\u00e2ncia sobre o tema, insulta a mem\u00f3ria de todas aquelas v\u00edtimas indefesas desta terr\u00edvel pandemia e suas fam\u00edlias&#8221;.<\/p>\n<p>&nbsp;<\/p>\n<p>Para Jo\u00e3o Gabbardo, ex-secret\u00e1rio executivo do Minist\u00e9rio da Sa\u00fade, Wizard est\u00e1 completamente desinformado sobre o funcionamento da pasta. &#8220;A gest\u00e3o do minist\u00e9rio \u00e9 muito mais complexa do que a administra\u00e7\u00e3o de um curso de ingl\u00eas&#8221;, afirma, em refer\u00eancia \u00e0 rede de escolas de l\u00edngua estrangeira fundada por Wizard.<\/p>\n<p>&nbsp;<\/p>\n<p>Gabbardo acredita que o Minist\u00e9rio da Sa\u00fade ter\u00e1 de rever as determina\u00e7\u00f5es feitas por Bolsonaro. Ele diz ainda que, caso haja recontagem dos mortos, certamente, os n\u00fameros ser\u00e3o piores do que os divulgados, devido ao elevado n\u00famero de subnotifica\u00e7\u00f5es. O Brasil registra quase 650 mil contaminados pelo novo coronav\u00edrus.<\/p>\n<p>&nbsp;<\/p>\n<p><em>Bras\u00edlia, 15h45min<\/em><\/p>\n","protected":false},"excerpt":{"rendered":"<p>T\u00e9cnicos s\u00e9rios do Minist\u00e9rio da Sa\u00fade, com listas imensas de bons servi\u00e7os prestados ao pa\u00eds, dizem que o presidente Jair Bolsonaro &#8220;surtou de vez&#8221; diante dos n\u00fameros cada vez mais dram\u00e1ticos da covid-19 no pa\u00eds, com mais de 35 mil mortos pela doen\u00e7a. &nbsp; Para esses t\u00e9cnicos, a decis\u00e3o do presidente de &#8220;maquiar&#8221; os dados [&hellip;]<\/p>\n","protected":false},"author":22,"featured_media":13776,"comment_status":"open","ping_status":"closed","sticky":false,"template":"","format":"standard","meta":{"wpb_read_more":[],"footnotes":""},"categories":[600],"tags":[2554,4654,3283,4655,4656,1915,4657],"class_list":["post-14222","post","type-post","status-publish","format-standard","has-post-thumbnail","hentry","category-economia","tag-bolsonaro","tag-conass","tag-dados","tag-manipulacao","tag-maquiagem","tag-ministerio-da-saude","tag-surtou"],"_links":{"self":[{"href":"https:\/\/blogs2.correiobraziliense.com.br\/vicente\/wp-json\/wp\/v2\/posts\/14222","targetHints":{"allow":["GET"]}}],"collection":[{"href":"https:\/\/blogs2.correiobraziliense.com.br\/vicente\/wp-json\/wp\/v2\/posts"}],"about":[{"href":"https:\/\/blogs2.correiobraziliense.com.br\/vicente\/wp-json\/wp\/v2\/types\/post"}],"author":[{"embeddable":true,"href":"https:\/\/blogs2.correiobraziliense.com.br\/vicente\/wp-json\/wp\/v2\/users\/22"}],"replies":[{"embeddable":true,"href":"https:\/\/blogs2.correiobraziliense.com.br\/vicente\/wp-json\/wp\/v2\/comments?post=14222"}],"version-history":[{"count":0,"href":"https:\/\/blogs2.correiobraziliense.com.br\/vicente\/wp-json\/wp\/v2\/posts\/14222\/revisions"}],"wp:featuredmedia":[{"embeddable":true,"href":"https:\/\/blogs2.correiobraziliense.com.br\/vicente\/wp-json\/wp\/v2\/media\/13776"}],"wp:attachment":[{"href":"https:\/\/blogs2.correiobraziliense.com.br\/vicente\/wp-json\/wp\/v2\/media?parent=14222"}],"wp:term":[{"taxonomy":"category","embeddable":true,"href":"https:\/\/blogs2.correiobraziliense.com.br\/vicente\/wp-json\/wp\/v2\/categories?post=14222"},{"taxonomy":"post_tag","embeddable":true,"href":"https:\/\/blogs2.correiobraziliense.com.br\/vicente\/wp-json\/wp\/v2\/tags?post=14222"}],"curies":[{"name":"wp","href":"https:\/\/api.w.org\/{rel}","templated":true}]}}