{"id":14224,"date":"2020-06-07T17:55:56","date_gmt":"2020-06-07T20:55:56","guid":{"rendered":"https:\/\/blogs2.correiobraziliense.com.br\/vicente\/?p=14224"},"modified":"2020-06-07T17:55:56","modified_gmt":"2020-06-07T20:55:56","slug":"bolsonaro-da-aval-a-vaquinha-de-empresarios-para-sossegar-olavo-de-carvalho","status":"publish","type":"post","link":"https:\/\/blogs2.correiobraziliense.com.br\/vicente\/bolsonaro-da-aval-a-vaquinha-de-empresarios-para-sossegar-olavo-de-carvalho\/","title":{"rendered":"Bolsonaro d\u00e1 aval \u00e0 vaquinha de empres\u00e1rios para &#8220;sossegar&#8221; Olavo de Carvalho"},"content":{"rendered":"<h2>Citado nominalmente em v\u00eddeo divulgado por Olavo de Carvalho, no qual ele diz que pode derrubar a &#8220;merda do governo Bolsonaro&#8221;, o empres\u00e1rio Luciano Hang, dono da Havan, deu in\u00edcio a uma vaquinha com empres\u00e1rios a fim de recolher pelo menos R$ 2,8 milh\u00f5es para saldar d\u00edvidas do guru dos bolsonaristas com a Justi\u00e7a.<\/h2>\n<p>&nbsp;<\/p>\n<p>Segundo um integrante do Pal\u00e1cio do Planalto, Hang conversou com Bolsonaro sobre o v\u00eddeo no qual\u00a0Carvalho critica e agride o presidente com palavr\u00f5es. A conclus\u00e3o foi a de que \u00e9 preciso dar um socorro financeiro ao guru para que ele &#8220;sossegue&#8221;. Tanto Bolsonaro quanto o empres\u00e1rio se mostraram surpreso com a agressividade de Carvalho, que \u00e9 idolatrado pelos filhos do presidente, sobretudo Eduardo Bolsonaro.<\/p>\n<p>&nbsp;<\/p>\n<p>A desculpa encontrada por Hang para levantar o dinheiro para calar a boca de Carvalho \u00e9 de que ele continue &#8220;trabalhando pelo Brasil&#8221;. Mas, por tr\u00e1s desta a\u00e7\u00e3o de benemer\u00eancia, est\u00e1 o temor de que o guru desarticule a base de apoio a Bolsonaro nas redes sociais.<\/p>\n<p>&nbsp;<\/p>\n<p>Olavo de Carvalho movimenta nas redes o grupo mais ideol\u00f3gico de apoio a Bolsonaro. No entender de assessores do presidente, n\u00e3o \u00e9 nada confort\u00e1vel ter o guru como advers\u00e1rio. Portanto, qualquer esfor\u00e7o para que ele se acalme \u00e9 muito bem-vindo.<\/p>\n<p>&nbsp;<\/p>\n<p><strong>N\u00e3o \u00e9 qualquer quantia\u00a0<\/strong><\/p>\n<p>&nbsp;<\/p>\n<p>Resta saber se os empres\u00e1rios est\u00e3o dispostos a entrar na vaquinha encabe\u00e7ada por Hang. Carvalho quer muito mais do que os R$ 2,8 milh\u00f5es que ele precisa para pagar uma a\u00e7\u00e3o judicial que perdeu para o cantor Caetano Veloso. &#8220;N\u00e3o \u00e9 qualquer quantia que Olavo de Carvalho quer. Isso pode ser medido pelo tamanho da agressividade dele no v\u00eddeo.<\/p>\n<p>&nbsp;<\/p>\n<p>O guru dos bolsonaristas gravou mensagem reclamando que est\u00e1 isolado e que nunca teve apoio de presidente. No v\u00eddeo, ele diz que est\u00e1 sendo cobrado por &#8220;multas&#8221; e que n\u00e3o tem como pagar, pois est\u00e1 sem dinheiro. O guru deixou claro que esperava estar numa situa\u00e7\u00e3o financeira melhor com Bolsonaro no governo.<\/p>\n<p>&nbsp;<\/p>\n<p>&#8220;Bolsonaro, o que ele fez para me defender? Bosta nenhuma! Chega l\u00e1, me d\u00e1 uma condecora\u00e7\u00e3ozinha&#8230; enfia essa condecora\u00e7\u00e3o no seu cu&#8221;, disse Carvalho. &#8220;Essas multas que esses caras est\u00e3o cobrando de mim v\u00e3o me arruinar totalmente. Como \u00e9 que eu vou poder sobreviver aqui nos Estados Unidos sem nenhum tost\u00e3o furado?&#8221;, indagou.<\/p>\n<p>&nbsp;<\/p>\n<p><em>Bras\u00edlia, 17h55min<\/em><\/p>\n","protected":false},"excerpt":{"rendered":"<p>Citado nominalmente em v\u00eddeo divulgado por Olavo de Carvalho, no qual ele diz que pode derrubar a &#8220;merda do governo Bolsonaro&#8221;, o empres\u00e1rio Luciano Hang, dono da Havan, deu in\u00edcio a uma vaquinha com empres\u00e1rios a fim de recolher pelo menos R$ 2,8 milh\u00f5es para saldar d\u00edvidas do guru dos bolsonaristas com a Justi\u00e7a. &nbsp; [&hellip;]<\/p>\n","protected":false},"author":22,"featured_media":12208,"comment_status":"open","ping_status":"closed","sticky":false,"template":"","format":"standard","meta":{"wpb_read_more":[],"footnotes":""},"categories":[600],"tags":[2536,2554,303,282,4658,3833,4659,2745],"class_list":["post-14224","post","type-post","status-publish","format-standard","has-post-thumbnail","hentry","category-economia","tag-agressao","tag-bolsonaro","tag-divida","tag-justica","tag-luciano-hang","tag-olavo-de-carvalho","tag-vaquinha","tag-video"],"_links":{"self":[{"href":"https:\/\/blogs2.correiobraziliense.com.br\/vicente\/wp-json\/wp\/v2\/posts\/14224","targetHints":{"allow":["GET"]}}],"collection":[{"href":"https:\/\/blogs2.correiobraziliense.com.br\/vicente\/wp-json\/wp\/v2\/posts"}],"about":[{"href":"https:\/\/blogs2.correiobraziliense.com.br\/vicente\/wp-json\/wp\/v2\/types\/post"}],"author":[{"embeddable":true,"href":"https:\/\/blogs2.correiobraziliense.com.br\/vicente\/wp-json\/wp\/v2\/users\/22"}],"replies":[{"embeddable":true,"href":"https:\/\/blogs2.correiobraziliense.com.br\/vicente\/wp-json\/wp\/v2\/comments?post=14224"}],"version-history":[{"count":0,"href":"https:\/\/blogs2.correiobraziliense.com.br\/vicente\/wp-json\/wp\/v2\/posts\/14224\/revisions"}],"wp:featuredmedia":[{"embeddable":true,"href":"https:\/\/blogs2.correiobraziliense.com.br\/vicente\/wp-json\/wp\/v2\/media\/12208"}],"wp:attachment":[{"href":"https:\/\/blogs2.correiobraziliense.com.br\/vicente\/wp-json\/wp\/v2\/media?parent=14224"}],"wp:term":[{"taxonomy":"category","embeddable":true,"href":"https:\/\/blogs2.correiobraziliense.com.br\/vicente\/wp-json\/wp\/v2\/categories?post=14224"},{"taxonomy":"post_tag","embeddable":true,"href":"https:\/\/blogs2.correiobraziliense.com.br\/vicente\/wp-json\/wp\/v2\/tags?post=14224"}],"curies":[{"name":"wp","href":"https:\/\/api.w.org\/{rel}","templated":true}]}}