{"id":14279,"date":"2020-06-16T17:36:06","date_gmt":"2020-06-16T20:36:06","guid":{"rendered":"http:\/\/blogs.correiobraziliense.com.br\/vicente\/?p=14279"},"modified":"2020-06-16T17:36:06","modified_gmt":"2020-06-16T20:36:06","slug":"militares-baixam-linha-dura-no-ministerio-da-saude-e-avisam-que-vao-vasculhar-redes-sociais-de-servidores","status":"publish","type":"post","link":"https:\/\/blogs2.correiobraziliense.com.br\/vicente\/militares-baixam-linha-dura-no-ministerio-da-saude-e-avisam-que-vao-vasculhar-redes-sociais-de-servidores\/","title":{"rendered":"Militares baixam linha dura no Minist\u00e9rio da Sa\u00fade e avisam que v\u00e3o vasculhar redes sociais de servidores"},"content":{"rendered":"<h2>O Minist\u00e9rio da Sa\u00fade encaminhou a todos os servidores da pasta um e-mail com &#8220;Dicas de \u00e9tica&#8221; que devem ser seguidas nas redes sociais. Em um dos pontos, o minist\u00e9rio deixa claro que passar\u00e1 a monitorar tudo o que \u00e9 publicado.<\/h2>\n<p>&nbsp;<\/p>\n<p>&#8220;Quem v\u00ea seu perfil ou posts nas redes sociais, seja no WhatsApp, Facebook, Twitter e outras, est\u00e1 vendo tamb\u00e9m os coment\u00e1rios, fotos e informa\u00e7\u00f5es de um agente p\u00fablico. As redes sociais s\u00e3o ferramentas muito \u00fateis e pr\u00e1ticas, mas devem ser usadas com cuidado&#8221;<\/p>\n<p>&nbsp;<\/p>\n<p>Em outro ponto, a mensagem diz que a ascens\u00e3o profissional pode ser definida de acordo com o que se divulga nas redes socais: &#8220;A fun\u00e7\u00e3o p\u00fablica se integra na vida particular de cada servidor p\u00fablico e, por isso, os fatos verificados na conduta do dia a dia em sua vida privada poder\u00e3o acrescer ou diminuir o seu bom conceito na vida funcional&#8221;.<\/p>\n<p>&nbsp;<\/p>\n<p>Mais: &#8220;A dignidade, o decoro, o zelo, a efic\u00e1cia e a consci\u00eancia dos princ\u00edpios morais s\u00e3o primados maiores que devem nortear o servidor p\u00fablico, seja no exerc\u00edcio do cargo ou fun\u00e7\u00e3o, ou fora dele&#8221;.<\/p>\n<p>&nbsp;<\/p>\n<p>A cartilha foi definida pela Comiss\u00e3o de \u00c9tica do Minist\u00e9rio da Sa\u00fade, que apenas cumpre ordens. Hoje, a parta tem quase 30 militares em cargos estrat\u00e9gicos.<\/p>\n<p>&nbsp;<\/p>\n<p>Segundo servidores, o clima de persegui\u00e7\u00e3o no minist\u00e9rio \u00e9 pesado, atrapalhando o trabalho t\u00e9cnico, o que tem dificultado o combate \u00e0 pandemia do novo coronav\u00edrus. Eles ressaltam que a decis\u00e3o de esconder n\u00fameros sobre infectados e mortos pela covid-19 pegou todo mundo de surpresa.<\/p>\n<p>&nbsp;<\/p>\n<p>Os servidores tamb\u00e9m reclamam da censura sobre dados de sa\u00fade da aten\u00e7\u00e3o \u00e0 mulher. Dois funcion\u00e1rios do minist\u00e9rio foram afastados por tratarem do casos de aborto previstos em lei, que, necessariamente, deveriam constar no documento da pasta sobre o tema. N\u00e3o \u00e9 s\u00f3: informa\u00e7\u00f5es sobre a sa\u00fade de negros foram tiradas do ar.<\/p>\n<p>&nbsp;<\/p>\n<p><em>Bras\u00edlia, 17h36min<\/em><\/p>\n","protected":false},"excerpt":{"rendered":"<p>O Minist\u00e9rio da Sa\u00fade encaminhou a todos os servidores da pasta um e-mail com &#8220;Dicas de \u00e9tica&#8221; que devem ser seguidas nas redes sociais. Em um dos pontos, o minist\u00e9rio deixa claro que passar\u00e1 a monitorar tudo o que \u00e9 publicado. &nbsp; &#8220;Quem v\u00ea seu perfil ou posts nas redes sociais, seja no WhatsApp, Facebook, [&hellip;]<\/p>\n","protected":false},"author":22,"featured_media":14280,"comment_status":"open","ping_status":"closed","sticky":false,"template":"","format":"standard","meta":{"wpb_read_more":[],"footnotes":""},"categories":[600],"tags":[],"class_list":["post-14279","post","type-post","status-publish","format-standard","has-post-thumbnail","hentry","category-economia"],"_links":{"self":[{"href":"https:\/\/blogs2.correiobraziliense.com.br\/vicente\/wp-json\/wp\/v2\/posts\/14279","targetHints":{"allow":["GET"]}}],"collection":[{"href":"https:\/\/blogs2.correiobraziliense.com.br\/vicente\/wp-json\/wp\/v2\/posts"}],"about":[{"href":"https:\/\/blogs2.correiobraziliense.com.br\/vicente\/wp-json\/wp\/v2\/types\/post"}],"author":[{"embeddable":true,"href":"https:\/\/blogs2.correiobraziliense.com.br\/vicente\/wp-json\/wp\/v2\/users\/22"}],"replies":[{"embeddable":true,"href":"https:\/\/blogs2.correiobraziliense.com.br\/vicente\/wp-json\/wp\/v2\/comments?post=14279"}],"version-history":[{"count":0,"href":"https:\/\/blogs2.correiobraziliense.com.br\/vicente\/wp-json\/wp\/v2\/posts\/14279\/revisions"}],"wp:featuredmedia":[{"embeddable":true,"href":"https:\/\/blogs2.correiobraziliense.com.br\/vicente\/wp-json\/wp\/v2\/media\/14280"}],"wp:attachment":[{"href":"https:\/\/blogs2.correiobraziliense.com.br\/vicente\/wp-json\/wp\/v2\/media?parent=14279"}],"wp:term":[{"taxonomy":"category","embeddable":true,"href":"https:\/\/blogs2.correiobraziliense.com.br\/vicente\/wp-json\/wp\/v2\/categories?post=14279"},{"taxonomy":"post_tag","embeddable":true,"href":"https:\/\/blogs2.correiobraziliense.com.br\/vicente\/wp-json\/wp\/v2\/tags?post=14279"}],"curies":[{"name":"wp","href":"https:\/\/api.w.org\/{rel}","templated":true}]}}