{"id":1429,"date":"2016-06-14T03:45:24","date_gmt":"2016-06-14T06:45:24","guid":{"rendered":"https:\/\/blogs2.correiobraziliense.com.br\/vicente\/?p=1429"},"modified":"2016-06-14T08:47:02","modified_gmt":"2016-06-14T11:47:02","slug":"aula-de-cambio","status":"publish","type":"post","link":"https:\/\/blogs2.correiobraziliense.com.br\/vicente\/aula-de-cambio\/","title":{"rendered":"Aula de c\u00e2mbio"},"content":{"rendered":"<p>\u00bb Ex-secret\u00e1rio-executivo do Banco Central, Geraldo Magela Siqueira lan\u00e7a hoje o livro C\u00e2mbio e capitais internacionais: o relacionamento financeiro do Brasil com o exterior, \u00e0s 19h, na Livraria Cultura do Shopping Iguatemi. Siqueira atuou na \u00e1rea de c\u00e2mbio do BC entre 1981 e 2012.<\/p>\n<p>&nbsp;<\/p>\n<p><b>Tempos de atraso<\/b><\/p>\n<p>&nbsp;<\/p>\n<p>\u00bb Magela acompanhou de perto os diferentes sistemas at\u00e9 a unifica\u00e7\u00e3o e liberaliza\u00e7\u00e3o promovida em 2005. \u201cNa d\u00e9cada de 1980, com os controles r\u00edgidos que existiam, quem precisava de d\u00f3lares para comprar rem\u00e9dios importados tinha que mandar uma embalagem antiga para o BC\u201d, conta. \u00c0 \u00e9poca, as reservas internacionais do pa\u00eds eram praticamente zero.<\/p>\n","protected":false},"excerpt":{"rendered":"<p>\u00bb Ex-secret\u00e1rio-executivo do Banco Central, Geraldo Magela Siqueira lan\u00e7a hoje o livro C\u00e2mbio e capitais internacionais: o relacionamento financeiro do Brasil com o exterior, \u00e0s 19h, na Livraria Cultura do Shopping Iguatemi. Siqueira atuou na \u00e1rea de c\u00e2mbio do BC entre 1981 e 2012. &nbsp; Tempos de atraso &nbsp; \u00bb Magela acompanhou de perto os [&hellip;]<\/p>\n","protected":false},"author":22,"featured_media":0,"comment_status":"open","ping_status":"closed","sticky":false,"template":"","format":"standard","meta":{"wpb_read_more":[],"footnotes":""},"categories":[1],"tags":[],"class_list":["post-1429","post","type-post","status-publish","format-standard","hentry","category-sem-categoria"],"_links":{"self":[{"href":"https:\/\/blogs2.correiobraziliense.com.br\/vicente\/wp-json\/wp\/v2\/posts\/1429","targetHints":{"allow":["GET"]}}],"collection":[{"href":"https:\/\/blogs2.correiobraziliense.com.br\/vicente\/wp-json\/wp\/v2\/posts"}],"about":[{"href":"https:\/\/blogs2.correiobraziliense.com.br\/vicente\/wp-json\/wp\/v2\/types\/post"}],"author":[{"embeddable":true,"href":"https:\/\/blogs2.correiobraziliense.com.br\/vicente\/wp-json\/wp\/v2\/users\/22"}],"replies":[{"embeddable":true,"href":"https:\/\/blogs2.correiobraziliense.com.br\/vicente\/wp-json\/wp\/v2\/comments?post=1429"}],"version-history":[{"count":1,"href":"https:\/\/blogs2.correiobraziliense.com.br\/vicente\/wp-json\/wp\/v2\/posts\/1429\/revisions"}],"predecessor-version":[{"id":1430,"href":"https:\/\/blogs2.correiobraziliense.com.br\/vicente\/wp-json\/wp\/v2\/posts\/1429\/revisions\/1430"}],"wp:attachment":[{"href":"https:\/\/blogs2.correiobraziliense.com.br\/vicente\/wp-json\/wp\/v2\/media?parent=1429"}],"wp:term":[{"taxonomy":"category","embeddable":true,"href":"https:\/\/blogs2.correiobraziliense.com.br\/vicente\/wp-json\/wp\/v2\/categories?post=1429"},{"taxonomy":"post_tag","embeddable":true,"href":"https:\/\/blogs2.correiobraziliense.com.br\/vicente\/wp-json\/wp\/v2\/tags?post=1429"}],"curies":[{"name":"wp","href":"https:\/\/api.w.org\/{rel}","templated":true}]}}