{"id":143,"date":"2015-07-22T18:44:00","date_gmt":"2015-07-22T21:44:00","guid":{"rendered":"https:\/\/blogs2.correiobraziliense.com.br\/vicente\/governo_admite_deficit_fiscal_em_2015_de_ate_r_177_bi\/"},"modified":"2015-07-22T18:44:00","modified_gmt":"2015-07-22T21:44:00","slug":"governo_admite_deficit_fiscal_em_2015_de_ate_r_177_bi","status":"publish","type":"post","link":"https:\/\/blogs2.correiobraziliense.com.br\/vicente\/governo_admite_deficit_fiscal_em_2015_de_ate_r_177_bi\/","title":{"rendered":"GOVERNO ADMITE DEFICIT FISCAL EM 2015 DE AT\u00c9 R$ 17,7 BI"},"content":{"rendered":"\n<p>Ao mesmo tempo em que reduziu a meta de superavit prim\u00e1rio de 1,13% para 0,15% do Produto Interno Bruto (PIB) neste ano, o governo foi supercauteloso no projeto de revis\u00e3o bimestral de receitas e despesas. <\/p>\n<p> Est\u00e1 prevendo a possibilidade de abatimento de at\u00e9 R$ 26,4 bilh\u00f5es na meta fiscal em caso de frustra\u00e7\u00e3o de receita. <\/p>\n<p>Levando-se em conta que o superavit prim\u00e1rio foi estimado em R$ 8,7 bilh\u00f5es, poder\u00e1 haver rombo de at\u00e9 R$ 17,7 bilh\u00f5es. <\/p>\n<p>Esta \u00e9 a realidade das contas p\u00fablicas brasileiras. Um retrato cruel do que foi o primeiro mandato da presidente Dilma Rousseff.  <\/p>\n<p>Bras\u00edlia, 18h45min   <\/p>\n","protected":false},"excerpt":{"rendered":"<p>Ao mesmo tempo em que reduziu a meta de superavit prim\u00e1rio de 1,13% para 0,15% do Produto Interno Bruto (PIB) neste ano, o governo foi supercauteloso no projeto de revis\u00e3o bimestral de receitas e despesas. Est\u00e1 prevendo a possibilidade de abatimento de at\u00e9 R$ 26,4 bilh\u00f5es na meta fiscal em caso de frustra\u00e7\u00e3o de receita. [&hellip;]<\/p>\n","protected":false},"author":22,"featured_media":0,"comment_status":"open","ping_status":"open","sticky":false,"template":"","format":"standard","meta":{"wpb_read_more":[],"footnotes":""},"categories":[1],"tags":[],"class_list":["post-143","post","type-post","status-publish","format-standard","hentry","category-sem-categoria"],"_links":{"self":[{"href":"https:\/\/blogs2.correiobraziliense.com.br\/vicente\/wp-json\/wp\/v2\/posts\/143","targetHints":{"allow":["GET"]}}],"collection":[{"href":"https:\/\/blogs2.correiobraziliense.com.br\/vicente\/wp-json\/wp\/v2\/posts"}],"about":[{"href":"https:\/\/blogs2.correiobraziliense.com.br\/vicente\/wp-json\/wp\/v2\/types\/post"}],"author":[{"embeddable":true,"href":"https:\/\/blogs2.correiobraziliense.com.br\/vicente\/wp-json\/wp\/v2\/users\/22"}],"replies":[{"embeddable":true,"href":"https:\/\/blogs2.correiobraziliense.com.br\/vicente\/wp-json\/wp\/v2\/comments?post=143"}],"version-history":[{"count":0,"href":"https:\/\/blogs2.correiobraziliense.com.br\/vicente\/wp-json\/wp\/v2\/posts\/143\/revisions"}],"wp:attachment":[{"href":"https:\/\/blogs2.correiobraziliense.com.br\/vicente\/wp-json\/wp\/v2\/media?parent=143"}],"wp:term":[{"taxonomy":"category","embeddable":true,"href":"https:\/\/blogs2.correiobraziliense.com.br\/vicente\/wp-json\/wp\/v2\/categories?post=143"},{"taxonomy":"post_tag","embeddable":true,"href":"https:\/\/blogs2.correiobraziliense.com.br\/vicente\/wp-json\/wp\/v2\/tags?post=143"}],"curies":[{"name":"wp","href":"https:\/\/api.w.org\/{rel}","templated":true}]}}