{"id":1431,"date":"2016-06-14T00:47:30","date_gmt":"2016-06-14T03:47:30","guid":{"rendered":"https:\/\/blogs2.correiobraziliense.com.br\/vicente\/?p=1431"},"modified":"2016-06-14T08:50:20","modified_gmt":"2016-06-14T11:50:20","slug":"itamaraty-em-alerta","status":"publish","type":"post","link":"https:\/\/blogs2.correiobraziliense.com.br\/vicente\/itamaraty-em-alerta\/","title":{"rendered":"Itamaraty em alerta"},"content":{"rendered":"<p>\u00bb Est\u00e1 cada vez mais pesado o clima no Itamaraty. Os funcion\u00e1rios est\u00e3o impedidos de enviar os convites a chefes de Estado para as Olimp\u00edadas do Rio. N\u00e3o sabem o nome de quem deve aparecer como presidente do Brasil, Michel Temer ou Dilma Rousseff.<\/p>\n","protected":false},"excerpt":{"rendered":"<p>\u00bb Est\u00e1 cada vez mais pesado o clima no Itamaraty. Os funcion\u00e1rios est\u00e3o impedidos de enviar os convites a chefes de Estado para as Olimp\u00edadas do Rio. N\u00e3o sabem o nome de quem deve aparecer como presidente do Brasil, Michel Temer ou Dilma Rousseff.<\/p>\n","protected":false},"author":22,"featured_media":0,"comment_status":"open","ping_status":"closed","sticky":false,"template":"","format":"standard","meta":{"wpb_read_more":[],"footnotes":""},"categories":[1],"tags":[],"class_list":["post-1431","post","type-post","status-publish","format-standard","hentry","category-sem-categoria"],"_links":{"self":[{"href":"https:\/\/blogs2.correiobraziliense.com.br\/vicente\/wp-json\/wp\/v2\/posts\/1431","targetHints":{"allow":["GET"]}}],"collection":[{"href":"https:\/\/blogs2.correiobraziliense.com.br\/vicente\/wp-json\/wp\/v2\/posts"}],"about":[{"href":"https:\/\/blogs2.correiobraziliense.com.br\/vicente\/wp-json\/wp\/v2\/types\/post"}],"author":[{"embeddable":true,"href":"https:\/\/blogs2.correiobraziliense.com.br\/vicente\/wp-json\/wp\/v2\/users\/22"}],"replies":[{"embeddable":true,"href":"https:\/\/blogs2.correiobraziliense.com.br\/vicente\/wp-json\/wp\/v2\/comments?post=1431"}],"version-history":[{"count":1,"href":"https:\/\/blogs2.correiobraziliense.com.br\/vicente\/wp-json\/wp\/v2\/posts\/1431\/revisions"}],"predecessor-version":[{"id":1432,"href":"https:\/\/blogs2.correiobraziliense.com.br\/vicente\/wp-json\/wp\/v2\/posts\/1431\/revisions\/1432"}],"wp:attachment":[{"href":"https:\/\/blogs2.correiobraziliense.com.br\/vicente\/wp-json\/wp\/v2\/media?parent=1431"}],"wp:term":[{"taxonomy":"category","embeddable":true,"href":"https:\/\/blogs2.correiobraziliense.com.br\/vicente\/wp-json\/wp\/v2\/categories?post=1431"},{"taxonomy":"post_tag","embeddable":true,"href":"https:\/\/blogs2.correiobraziliense.com.br\/vicente\/wp-json\/wp\/v2\/tags?post=1431"}],"curies":[{"name":"wp","href":"https:\/\/api.w.org\/{rel}","templated":true}]}}