{"id":1433,"date":"2016-06-14T12:30:01","date_gmt":"2016-06-14T15:30:01","guid":{"rendered":"https:\/\/blogs2.correiobraziliense.com.br\/vicente\/?p=1433"},"modified":"2016-06-14T13:15:55","modified_gmt":"2016-06-14T16:15:55","slug":"china-acusa-temer-serra-boicotarem-brics","status":"publish","type":"post","link":"https:\/\/blogs2.correiobraziliense.com.br\/vicente\/china-acusa-temer-serra-boicotarem-brics\/","title":{"rendered":"China acusa Temer e Serra de boicotarem o Brics"},"content":{"rendered":"<p>POR PAULO SILVA PINTO<\/p>\n<p>&nbsp;<\/p>\n<p>O governo chin\u00eas v\u00ea com grande preocupa\u00e7\u00e3o a mudan\u00e7a de pol\u00edtica externa brasileira. Texto que acaba de ser publicado pelo servi\u00e7o em portugu\u00eas da ag\u00eancia de not\u00edcias estatal Xinhua sobre o primeiro m\u00eas de afastamento da presidente Dilma Rousseff afirma que \u201co presidente interino, Michel Temer, se aproveitou para alterar a estrat\u00e9gia diplom\u00e1tica do pa\u00eds e deixar de priorizar as rela\u00e7\u00f5es com os Brics\u201d, em refer\u00eancia ao bloco formado por Brasil, R\u00fassia, \u00cdndia, China e \u00c1frica do Sul.<\/p>\n<p>&nbsp;<\/p>\n<p>O texto \u00e9 assinado pelo diretor da sede dos servi\u00e7os em portugu\u00eas da Xinhua no Rio de Janeiro, Chen Weihua, e pelo editor internacional da ag\u00eancia, em Pequim, Zhao Hui. Embora a an\u00e1lise n\u00e3o tenha o peso de uma comunica\u00e7\u00e3o oficial, reflete a opini\u00e3o de ao menos parte da elite que comanda o pa\u00eds. A Xinhua \u00e9 uma ag\u00eancia diretamente subordinada ao governo. Com 170 escrit\u00f3rios espalhados pelo mundo, \u00e9 presidida por um integrante do Comit\u00ea Central do Partido Comunista Chin\u00eas.<\/p>\n<p>&nbsp;<\/p>\n<p>\u201cDesde a cria\u00e7\u00e3o do Bric em 2009 (antes da ades\u00e3o da \u00c1frica do Sul, em 2010), o Brasil sempre priorizou as rela\u00e7\u00f5es com os membros do bloco, no \u00e2mbito da coopera\u00e7\u00e3o Sul-Sul, uma escolha que o governo interino parece n\u00e3o ter inten\u00e7\u00e3o de manter. O novo ministro das rela\u00e7\u00f5es exteriores do Brasil, Jos\u00e9 Serra, anunciou, logo ap\u00f3s o estabelecimento do governo interino, que os focos principais da &#8216;nova pol\u00edtica externa&#8217; brasileira s\u00e3o, dentro da Am\u00e9rica Latina, a Argentina e o M\u00e9xico, e fora dela, os Estados Unidos e a Uni\u00e3o Europeia. No caso dos Brics, Serra se limitou a dizer que o Brasil vai se esfor\u00e7ar para aproveitar as &#8216;oportunidades&#8217; que o bloco oferece, mas sempre tendo o com\u00e9rcio e os investimentos m\u00fatuos\u201d, segue dizendo o texto.<\/p>\n<p>&nbsp;<\/p>\n<p>De acordo com a Xinhua, analistas chineses veem risco de o governo Temer \u201cminar a efic\u00e1cia dos mecanismos do grupo\u201d ao buscar atuar como voz isolada nos f\u00f3runs globais. A ag\u00eancia cita o diretor executivo do Centro de Estudos Brasileiros do Instituto de Am\u00e9rica Latina da Academia de Ci\u00eancias Sociais da China, Zhou Zhiwei, para quem, diferentemente da prioridade atribu\u00edda por Dilma aos pa\u00edses em desenvolvimento, o presidente interino busca estabelecer um novo equil\u00edbrio entre pa\u00edses desenvolvidos e em desenvolvimento.<\/p>\n<p>&nbsp;<\/p>\n<p>\u201cTemer tentar\u00e1 fortalecer a rela\u00e7\u00e3o com os Estados Unidos e Europa a fim de que eles reconhe\u00e7am a legitimidade do governo interino, e, para tanto, ser\u00e1 for\u00e7ado a manter dist\u00e2ncia dos membros do Brics para evitar desagradar Washington\u201d, disse Zhiwei.<\/p>\n<p>&nbsp;<\/p>\n<p>Um diplomata brasileiro comentou de forma reservada que ao mencionar os BRICS em seu discurso de posse, o ministro Jos\u00e9 Serra procurou deixar clara a import\u00e2ncia conferida ao grupo. Acrescentou que o presidente interino, Michel Temer, se dedicou pessoalmente \u00e0s rela\u00e7\u00f5es entre o Brasil e a China, mantendo v\u00e1rias reuni\u00f5es com o vice-presidente chin\u00eas, Li Yuanchao. Em visita oficial \u00e0 China, Temer, foi at\u00e9 mesmo recebido pelo presidente do pa\u00eds, Xi Jinping.<\/p>\n<p>&nbsp;<\/p>\n<p><em>Bras\u00edlia, 12h30min<\/em><\/p>\n","protected":false},"excerpt":{"rendered":"<p>POR PAULO SILVA PINTO &nbsp; O governo chin\u00eas v\u00ea com grande preocupa\u00e7\u00e3o a mudan\u00e7a de pol\u00edtica externa brasileira. Texto que acaba de ser publicado pelo servi\u00e7o em portugu\u00eas da ag\u00eancia de not\u00edcias estatal Xinhua sobre o primeiro m\u00eas de afastamento da presidente Dilma Rousseff afirma que \u201co presidente interino, Michel Temer, se aproveitou para alterar [&hellip;]<\/p>\n","protected":false},"author":22,"featured_media":0,"comment_status":"open","ping_status":"closed","sticky":false,"template":"","format":"standard","meta":{"wpb_read_more":[],"footnotes":""},"categories":[1],"tags":[248,247,246,249,111],"class_list":["post-1433","post","type-post","status-publish","format-standard","hentry","category-sem-categoria","tag-boicote","tag-brics","tag-china","tag-jose-serra","tag-michel-temer"],"_links":{"self":[{"href":"https:\/\/blogs2.correiobraziliense.com.br\/vicente\/wp-json\/wp\/v2\/posts\/1433","targetHints":{"allow":["GET"]}}],"collection":[{"href":"https:\/\/blogs2.correiobraziliense.com.br\/vicente\/wp-json\/wp\/v2\/posts"}],"about":[{"href":"https:\/\/blogs2.correiobraziliense.com.br\/vicente\/wp-json\/wp\/v2\/types\/post"}],"author":[{"embeddable":true,"href":"https:\/\/blogs2.correiobraziliense.com.br\/vicente\/wp-json\/wp\/v2\/users\/22"}],"replies":[{"embeddable":true,"href":"https:\/\/blogs2.correiobraziliense.com.br\/vicente\/wp-json\/wp\/v2\/comments?post=1433"}],"version-history":[{"count":1,"href":"https:\/\/blogs2.correiobraziliense.com.br\/vicente\/wp-json\/wp\/v2\/posts\/1433\/revisions"}],"predecessor-version":[{"id":1434,"href":"https:\/\/blogs2.correiobraziliense.com.br\/vicente\/wp-json\/wp\/v2\/posts\/1433\/revisions\/1434"}],"wp:attachment":[{"href":"https:\/\/blogs2.correiobraziliense.com.br\/vicente\/wp-json\/wp\/v2\/media?parent=1433"}],"wp:term":[{"taxonomy":"category","embeddable":true,"href":"https:\/\/blogs2.correiobraziliense.com.br\/vicente\/wp-json\/wp\/v2\/categories?post=1433"},{"taxonomy":"post_tag","embeddable":true,"href":"https:\/\/blogs2.correiobraziliense.com.br\/vicente\/wp-json\/wp\/v2\/tags?post=1433"}],"curies":[{"name":"wp","href":"https:\/\/api.w.org\/{rel}","templated":true}]}}