{"id":14374,"date":"2020-06-19T21:50:15","date_gmt":"2020-06-20T00:50:15","guid":{"rendered":"http:\/\/blogs.correiobraziliense.com.br\/vicente\/?p=14374"},"modified":"2020-06-19T21:50:15","modified_gmt":"2020-06-20T00:50:15","slug":"carta-ao-banco-mundial-contra-indicacao-de-weintraub-tem-270-assinaturas","status":"publish","type":"post","link":"https:\/\/blogs2.correiobraziliense.com.br\/vicente\/carta-ao-banco-mundial-contra-indicacao-de-weintraub-tem-270-assinaturas\/","title":{"rendered":"Carta ao Banco Mundial contra indica\u00e7\u00e3o de Weintraub recebe 270 assinaturas"},"content":{"rendered":"<p>ROSANA HESSEL<\/p>\n<p>&nbsp;<\/p>\n<p>Uma carta enviada ao Banco Mundial (Bird) contra a indica\u00e7\u00e3o do ex-ministro da Educa\u00e7\u00e3o Abraham Weintraub para assumir uma das 25 cadeiras Conselho de Diretores Executivos do organismo multilateral recebeu 270 assinaturas de entidades civis e de personalidades, de acordo com dados dos organizadores.<\/p>\n<p>&nbsp;<\/p>\n<p>O texto teve apoio de\u00a0 empres\u00e1rios, economistas, professores, ex-ministros e artistas. Entre os signat\u00e1rios, destacam-se o diplomata e ex-ministro da Fazenda Rubens Ricupero, um dos idealizadores da carta, e cuja iniciativa foi 100% da Conectas Direitos Humanos. O empres\u00e1rio\u00a0Philip Yang, do Instituto Urbem, tamb\u00e9m ajudou na coleta das assinaturas.<\/p>\n<p>&nbsp;<\/p>\n<p>Tamb\u00e9m assinaram o documento o cantor Chico Buarque, a ex-ministra do Meio Ambiente Izabella Teixeira, o ex-presidente do Banco Nacional de Desenvolvimento Econ\u00f4mico e Social (BNDES) Jos\u00e9 Pio Borges e o deputado federal Alessandro Molon (PSB-RJ).\u00a0A Conecta, o Instituto Urbem\u00a0 e\u00a0 o Instituto Brasileiro de Defesa do Consumidor (Idec) est\u00e3o entre as 15 entidades que assinaram o documento.<\/p>\n<p>&nbsp;<\/p>\n<p>A carta afirma que Weintraub n\u00e3o possui as \u201cm\u00ednimas qualifica\u00e7\u00f5es \u00e9ticas, profissionais e morais para ocupar o posto na 15\u00aa diretoria-executiva do Banco Mundial\u201d. A missiva\u00a0ainda chama a aten\u00e7\u00e3o para o fato de que a nomea\u00e7\u00e3o do ex-ministro para esta posi\u00e7\u00e3o \u201cpode causar danos irrepar\u00e1veis ao posicionamento de seus pa\u00edses no Banco Mundial\u201de destaca que o ministro n\u00e3o cumpre v\u00e1rios requisitos e princ\u00edpios do C\u00f3digo de Conduta para os membros do Conselho.<\/p>\n<p>&nbsp;<\/p>\n<p>Fontes pr\u00f3ximas ao Banco Mundial informaram ao <strong>Blog<\/strong> que funcion\u00e1rios do organismo tamb\u00e9m estavam se articulando para barrar a indica\u00e7\u00e3o de Weintraub.<\/p>\n<p>&nbsp;<\/p>\n<p>O documento com as 270 assinaturas foi enviado, nesta sexta-feira (19\/06), para a Diretoria Executiva do Banco Mundial e para a as embaixadas dos oitos pa\u00edses que devem apreciar a indica\u00e7\u00e3o do ex-ministro ao cargo: Col\u00f4mbia, Equador, Trinidad &amp; Tobago, Filipinas, Suriname, Haiti, Rep\u00fablica Dominicana e Panam\u00e1. A tend\u00eancia \u00e9 que a indica\u00e7\u00e3o seja aprovada para o mandato-tamp\u00e3o at\u00e9 31 de outubro, quando dever\u00e1 haver uma nova elei\u00e7\u00e3o para a cadeira.<\/p>\n<p>&nbsp;<\/p>\n<p>O mandato \u00e9 de dois anos, mas o posto est\u00e1 vago desde outubro do ano passado quando o economista F\u00e1bio Kanckzuk, indicado pelo ex-presidente Michel Temer, retornou ao Brasil para assumir uma das diretorias do Banco Central. Economistas de renome, como Pedro Malan e Otaviano Canuto, j\u00e1 ocuparam a cadeira brasileira que poder\u00e1 ser do pol\u00eamico Weintraub.<\/p>\n<p>&nbsp;<\/p>\n<p>De acordo com carta,\u00a0 o comportamento Weintraub representa a \u201cant\u00edtese de tudo o que o Banco Mundial procura representar em pol\u00edtica de desenvolvimento e multilateralismo\u201d, como ideologia sobre pol\u00edtica baseada em evid\u00eancias e conduta incompat\u00edvel com os padr\u00f5es da integridade \u00e9tica e profissional.<b><\/b><\/p>\n<p>&nbsp;<\/p>\n<p>O ex-ministro anunciou ontem em um v\u00eddeo que deixou a pasta para assumir a diretoria executiva do Banco Mundial, por escolha do presidente Jair Bolsonaro. Hoje, mais cedo, escrevem em seu perfil nas redes sociais que estar\u00e1 saindo do Brasil &#8220;o mais r\u00e1pido poss\u00edvel (poucos dias)&#8221;. &#8220;N\u00e3o quero brigar! Quero ficar quieto, me deixem em paz, por\u00e9m, n\u00e3o me provoquem!&#8221;, acrescentou.<\/p>\n<p>&nbsp;<\/p>\n<p>Tradicionalmente, a indica\u00e7\u00e3o para a cadeira da Diretoria Executiva do Conselho do Banco Mundial, conhecido como Board, n\u00e3o era um problema para o Brasil, porque o pa\u00eds tem mais de 50% das cotas de participa\u00e7\u00e3o do grupo que ele integra. Como houve uma queima de etapas no processo, pois o nome foi anunciado antes da consulta aos demais pa\u00edses pr\u00e9via \u00e0 vota\u00e7\u00e3o, se houver rejei\u00e7\u00e3o de algum membro, o constrangimento ser\u00e1 grande para o Brasil, que vem se apequenando na diplomacia internacional.<\/p>\n<p>&nbsp;<\/p>\n<p>De acordo com Ricupero, a indica\u00e7\u00e3o de Weintraub para o Banco Mundial \u00e9 &#8220;mais um atentado ao pouqu\u00edssimo que restava da credibilidade externa do Brasil&#8221;.\u00a0 O especialista em rela\u00e7\u00f5es internacionais Wagner Parente, CEO da BMJ Consultores, lamentou que a indica\u00e7\u00e3o por si j\u00e1 virou piada internacional.<\/p>\n<p>&nbsp;<\/p>\n<p>&#8220;O que pesa nesses organismos multilaterais \u00e9 a diplomacia e conv\u00e9m consultar antes de anunciar o nome para evitar rejei\u00e7\u00e3o&#8221;, destacou Parente. Ele lembrou que, como o Banco Mundial ainda est\u00e1 fechado por conta da pandemia de covid-19, \u00e9 prov\u00e1vel que essa indica\u00e7\u00e3o fique em banho-maria at\u00e9 as pr\u00f3ximas elei\u00e7\u00f5es.<\/p>\n<p>&nbsp;<\/p>\n<p>&nbsp;<\/p>\n<p>Veja a \u00edntegra da carta e a lista de assinaturas:<\/p>\n<p>&nbsp;<\/p>\n<p><a href=\"http:\/\/blogs.correiobraziliense.com.br\/vicente\/wp-content\/uploads\/sites\/16\/2020\/06\/Letter-World-Bank-embassies.pdf\">Letter-World-Bank-embassies<\/a><\/p>\n","protected":false},"excerpt":{"rendered":"<p>ROSANA HESSEL &nbsp; Uma carta enviada ao Banco Mundial (Bird) contra a indica\u00e7\u00e3o do ex-ministro da Educa\u00e7\u00e3o Abraham Weintraub para assumir uma das 25 cadeiras Conselho de Diretores Executivos do organismo multilateral recebeu 270 assinaturas de entidades civis e de personalidades, de acordo com dados dos organizadores. &nbsp; O texto teve apoio de\u00a0 empres\u00e1rios, economistas, [&hellip;]<\/p>\n","protected":false},"author":22,"featured_media":0,"comment_status":"open","ping_status":"closed","sticky":false,"template":"","format":"standard","meta":{"wpb_read_more":[],"footnotes":""},"categories":[600],"tags":[3959,1704,4174,3937,2922],"class_list":["post-14374","post","type-post","status-publish","format-standard","hentry","category-economia","tag-abraham-weintraub","tag-banco-mundial","tag-carta","tag-embaixadores","tag-jair-bolsonaro"],"_links":{"self":[{"href":"https:\/\/blogs2.correiobraziliense.com.br\/vicente\/wp-json\/wp\/v2\/posts\/14374","targetHints":{"allow":["GET"]}}],"collection":[{"href":"https:\/\/blogs2.correiobraziliense.com.br\/vicente\/wp-json\/wp\/v2\/posts"}],"about":[{"href":"https:\/\/blogs2.correiobraziliense.com.br\/vicente\/wp-json\/wp\/v2\/types\/post"}],"author":[{"embeddable":true,"href":"https:\/\/blogs2.correiobraziliense.com.br\/vicente\/wp-json\/wp\/v2\/users\/22"}],"replies":[{"embeddable":true,"href":"https:\/\/blogs2.correiobraziliense.com.br\/vicente\/wp-json\/wp\/v2\/comments?post=14374"}],"version-history":[{"count":0,"href":"https:\/\/blogs2.correiobraziliense.com.br\/vicente\/wp-json\/wp\/v2\/posts\/14374\/revisions"}],"wp:attachment":[{"href":"https:\/\/blogs2.correiobraziliense.com.br\/vicente\/wp-json\/wp\/v2\/media?parent=14374"}],"wp:term":[{"taxonomy":"category","embeddable":true,"href":"https:\/\/blogs2.correiobraziliense.com.br\/vicente\/wp-json\/wp\/v2\/categories?post=14374"},{"taxonomy":"post_tag","embeddable":true,"href":"https:\/\/blogs2.correiobraziliense.com.br\/vicente\/wp-json\/wp\/v2\/tags?post=14374"}],"curies":[{"name":"wp","href":"https:\/\/api.w.org\/{rel}","templated":true}]}}