{"id":14395,"date":"2020-05-11T16:53:44","date_gmt":"2020-05-11T19:53:44","guid":{"rendered":"https:\/\/blogs2.correiobraziliense.com.br\/vicente\/?p=14070"},"modified":"2020-05-11T16:53:44","modified_gmt":"2020-05-11T19:53:44","slug":"189-695-militares-receberam-coronavoucher-de-r-600-totalizando-r-1138-milhoes","status":"publish","type":"post","link":"https:\/\/blogs2.correiobraziliense.com.br\/vicente\/189-695-militares-receberam-coronavoucher-de-r-600-totalizando-r-1138-milhoes\/","title":{"rendered":"189.695 militares receberam coronavoucher de R$ 600, totalizando R$ 113,8 milh\u00f5es"},"content":{"rendered":"<figure id=\"attachment_14076\" aria-describedby=\"caption-attachment-14076\" style=\"width: 800px\" class=\"wp-caption alignnone\"><a href=\"https:\/\/blogs2.correiobraziliense.com.br\/vicente\/wp-content\/uploads\/sites\/16\/2020\/05\/CBPFOT040520202563.jpg\"><img loading=\"lazy\" decoding=\"async\" class=\"size-full wp-image-14076\" src=\"https:\/\/blogs2.correiobraziliense.com.br\/vicente\/wp-content\/uploads\/sites\/16\/2020\/05\/CBPFOT040520202563.jpg\" alt=\"\" width=\"800\" height=\"477\" \/><\/a><figcaption id=\"caption-attachment-14076\" class=\"wp-caption-text\">Cr\u00e9dito: Marcelo Ferreira\/CB\/D.A Press.<\/figcaption><\/figure>\n<p>Enquanto o governo mostra descaso com as longas filas enfrentadas por desempregados e informais para receber o aux\u00edlio emergencial de R$ 600 nas ag\u00eancias da Caixa Econ\u00f4mica Federal, quase 190 mil militares foram contemplados com o coronavoucher sem qualquer trabalho.<\/p>\n<p>&nbsp;<\/p>\n<p>Dados do governo revelam que 189.695 militares da ativa, da reserva, reformados, pensionistas e anistiados receberam o aux\u00edlio emergencial, totalizando R$ 113.816.990,00.<\/p>\n<p>&nbsp;<\/p>\n<p>Em nota enviada ao <strong>Blog<\/strong>, o Minist\u00e9rio da Defesa disse que &#8220;verifica a possibilidade de recebimento indevido de valores referentes ao aux\u00edlio emergencial, concedido pelo Governo Federal no per\u00edodo de enfrentamento \u00e0 pandemia do coronav\u00edrus, por integrantes da folha de pagamentos deste Minist\u00e9rio&#8221;.<\/p>\n<p>&nbsp;<\/p>\n<p>As irregularidades, segundo a Defesa, foram identificadas com o apoio do Minist\u00e9rio da Cidadania.<\/p>\n<p>&nbsp;<\/p>\n<p>A pasta acrescenta: &#8220;Neste sentido, est\u00e3o sendo adotadas as medidas para apura\u00e7\u00e3o do ocorrido, visando identificar se houve valores recebidos indevidamente, de modo a permitir a restitui\u00e7\u00e3o ao er\u00e1rio e as demais considera\u00e7\u00f5es de ordem administrativo-disciplinar, como necess\u00e1rio&#8221;.<\/p>\n<p>&nbsp;<\/p>\n<p>Procurada, a Caixa informou que \u00e9 respons\u00e1vel apenas pelo pagamento dos aux\u00edlios emergenciais, cujos dados s\u00e3o processados pela Dataprev, com base em informa\u00e7\u00f5es recebidas do Minist\u00e9rio da Cidadania.<\/p>\n<p>&nbsp;<\/p>\n<p>Procurados, a Dataprev e o minist\u00e9rio ainda n\u00e3o se pronunciaram. Alegam que est\u00e3o esperando as \u00e1reas t\u00e9cnicas se pronunciarem para saber o que aconteceu.<\/p>\n<p>&nbsp;<\/p>\n<p>As queixas de informais, desempregados, microempreendedores individuais s\u00e3o muitas em rela\u00e7\u00e3o ao coronavoucher. Muitos reclamam que j\u00e1 fizeram os cadastros no site da Caixa, mas, at\u00e9 agora, n\u00e3o tiveram resposta.<\/p>\n<p>&nbsp;<\/p>\n<p>As filas em frente \u00e0s ag\u00eancias da Caixa s\u00e3o intermin\u00e1veis e se tornaram um risco para muita gente por causa da pandemia do novo coronav\u00edrus. Ou seja, al\u00e9m de n\u00e3o receberem a ajuda prometida pelo governo, as pessoas est\u00e3o expostas a pegarem a Covid-19.<\/p>\n<p>&nbsp;<\/p>\n<p><em>Bras\u00edlia, 16h53min<\/em><\/p>\n","protected":false},"excerpt":{"rendered":"<p>Enquanto o governo mostra descaso com as longas filas enfrentadas por desempregados e informais para receber o aux\u00edlio emergencial de R$ 600 nas ag\u00eancias da Caixa Econ\u00f4mica Federal, quase 190 mil militares foram contemplados com o coronavoucher sem qualquer trabalho. &nbsp; Dados do governo revelam que 189.695 militares da ativa, da reserva, reformados, pensionistas e [&hellip;]<\/p>\n","protected":false},"author":22,"featured_media":0,"comment_status":"open","ping_status":"closed","sticky":false,"template":"","format":"standard","meta":{"wpb_read_more":[],"footnotes":""},"categories":[600],"tags":[4573,4613,3940,4572,769],"class_list":["post-14395","post","type-post","status-publish","format-standard","hentry","category-economia","tag-auxilio-emergencial","tag-coronavoucher","tag-desempregados","tag-informais","tag-militares"],"_links":{"self":[{"href":"https:\/\/blogs2.correiobraziliense.com.br\/vicente\/wp-json\/wp\/v2\/posts\/14395","targetHints":{"allow":["GET"]}}],"collection":[{"href":"https:\/\/blogs2.correiobraziliense.com.br\/vicente\/wp-json\/wp\/v2\/posts"}],"about":[{"href":"https:\/\/blogs2.correiobraziliense.com.br\/vicente\/wp-json\/wp\/v2\/types\/post"}],"author":[{"embeddable":true,"href":"https:\/\/blogs2.correiobraziliense.com.br\/vicente\/wp-json\/wp\/v2\/users\/22"}],"replies":[{"embeddable":true,"href":"https:\/\/blogs2.correiobraziliense.com.br\/vicente\/wp-json\/wp\/v2\/comments?post=14395"}],"version-history":[{"count":0,"href":"https:\/\/blogs2.correiobraziliense.com.br\/vicente\/wp-json\/wp\/v2\/posts\/14395\/revisions"}],"wp:attachment":[{"href":"https:\/\/blogs2.correiobraziliense.com.br\/vicente\/wp-json\/wp\/v2\/media?parent=14395"}],"wp:term":[{"taxonomy":"category","embeddable":true,"href":"https:\/\/blogs2.correiobraziliense.com.br\/vicente\/wp-json\/wp\/v2\/categories?post=14395"},{"taxonomy":"post_tag","embeddable":true,"href":"https:\/\/blogs2.correiobraziliense.com.br\/vicente\/wp-json\/wp\/v2\/tags?post=14395"}],"curies":[{"name":"wp","href":"https:\/\/api.w.org\/{rel}","templated":true}]}}