{"id":14401,"date":"2020-06-22T10:44:54","date_gmt":"2020-06-22T13:44:54","guid":{"rendered":"http:\/\/blogs.correiobraziliense.com.br\/vicente\/?p=14401"},"modified":"2020-06-22T10:44:54","modified_gmt":"2020-06-22T13:44:54","slug":"semana-comeca-com-reajuste-medio-de-r-030-na-gasolina-em-um-mes-aumento-passa-de-r-1","status":"publish","type":"post","link":"https:\/\/blogs2.correiobraziliense.com.br\/vicente\/semana-comeca-com-reajuste-medio-de-r-030-na-gasolina-em-um-mes-aumento-passa-de-r-1\/","title":{"rendered":"Semana come\u00e7a com reajuste m\u00e9dio de R$ 0,30 na gasolina. Em um m\u00eas, aumento passa de R$ 1"},"content":{"rendered":"<h2>Com o movimento maior nas ruas, os postos do Distrito Federal reajustaram os pre\u00e7os da gasolina, na m\u00e9dia, em R$ 0,30 neste in\u00edcio de semana. Em um m\u00eas, a alta passa de R$ 1. A alega\u00e7\u00e3o \u00e9 de que est\u00e3o repassando aos consumidores os recentes aumentos realizados pela Petrobras nas refinarias.<\/h2>\n<p>&nbsp;<\/p>\n<p>Em parte dos postos do DF, o litro da gasolina j\u00e1 est\u00e1 sendo vendido por mais de R$ 4. No Setor de Ind\u00fastrias Gr\u00e1ficas (SIG), na Asa Norte e no Sudoeste, quem for abastecer o carro ter\u00e1 que desembolsar R$ 4,159 pelo combust\u00edvel.<\/p>\n<p>&nbsp;<\/p>\n<p>Gerentes de postos dizem que \u00e9 quest\u00e3o de dias para que todos os postos estejam cobrando mais de R$ 4 pela gasolina. Eles ressaltam que a Petrobras est\u00e1 se aproveitando da ligeira recupera\u00e7\u00e3o do consumo para recompor os pre\u00e7os dos combust\u00edveis nas refinarias.<\/p>\n<p>&nbsp;<\/p>\n<p>&#8220;Nos postos, n\u00e3o est\u00e1 sendo diferente&#8221;, diz um gerente. Ele afirma que os postos perderam muito dinheiro desde o in\u00edcio da pandemia do novo coronav\u00edrus. Em alguns estabelecimentos, o consumo caiu at\u00e9 80% durante o per\u00edodo mais duro da quarentena. &#8220;Agora, o momento \u00e9 de recuperar terreno&#8221;, emenda.<\/p>\n<p>&nbsp;<\/p>\n<p><strong>Alta nas refinarias<\/strong><\/p>\n<p>&nbsp;<\/p>\n<p>Para os consumidores, \u00e9 um abuso os postos reajustarem t\u00e3o rapidamente os pre\u00e7os da gasolina. &#8220;H\u00e1 um m\u00eas, era poss\u00edvel encher o tanque com o litro a quase R$ 3. Ou seja, em 30 dias, o litro da gasolina ficou pelo menos R$ 1 mais caro&#8221;, diz o servidor p\u00fablico C\u00e9lio Silva, 40 anos.<\/p>\n<p>&nbsp;<\/p>\n<p>Para reajustar os pre\u00e7os dos combust\u00edveis nas refinarias, a Petrobras usa como refer\u00eancia as cota\u00e7\u00f5es do d\u00f3lar, que est\u00e3o acima de R$ 5, e do petr\u00f3leo no mercado internacional, que voltaram a rodar pr\u00f3ximo dos US$ 40 o barril.<\/p>\n<p>&nbsp;<\/p>\n<p>Em alguns momentos da pandemia, com as estradas vazias, a Petrobras chegou a ter dificuldade para estocar o excesso de gasolina. Com as atividades econ\u00f4micas sendo liberadas em v\u00e1rias partes do pa\u00eds, a demanda por combust\u00edveis cresceu. A estatal sentiu-se mais confort\u00e1vel pela for\u00e7ar a m\u00e3o e refor\u00e7ar seu caixa.<\/p>\n<p>&nbsp;<\/p>\n<p><em>Bras\u00edlia, 10h44min<\/em><\/p>\n","protected":false},"excerpt":{"rendered":"<p>Com o movimento maior nas ruas, os postos do Distrito Federal reajustaram os pre\u00e7os da gasolina, na m\u00e9dia, em R$ 0,30 neste in\u00edcio de semana. Em um m\u00eas, a alta passa de R$ 1. A alega\u00e7\u00e3o \u00e9 de que est\u00e3o repassando aos consumidores os recentes aumentos realizados pela Petrobras nas refinarias. &nbsp; Em parte dos [&hellip;]<\/p>\n","protected":false},"author":22,"featured_media":12528,"comment_status":"open","ping_status":"closed","sticky":false,"template":"","format":"standard","meta":{"wpb_read_more":[],"footnotes":""},"categories":[600],"tags":[133,268,228,1961,390,124,3821],"class_list":["post-14401","post","type-post","status-publish","format-standard","has-post-thumbnail","hentry","category-economia","tag-aumento","tag-gasolina","tag-petrobras","tag-postos","tag-precos","tag-reajustes","tag-refinaria"],"_links":{"self":[{"href":"https:\/\/blogs2.correiobraziliense.com.br\/vicente\/wp-json\/wp\/v2\/posts\/14401","targetHints":{"allow":["GET"]}}],"collection":[{"href":"https:\/\/blogs2.correiobraziliense.com.br\/vicente\/wp-json\/wp\/v2\/posts"}],"about":[{"href":"https:\/\/blogs2.correiobraziliense.com.br\/vicente\/wp-json\/wp\/v2\/types\/post"}],"author":[{"embeddable":true,"href":"https:\/\/blogs2.correiobraziliense.com.br\/vicente\/wp-json\/wp\/v2\/users\/22"}],"replies":[{"embeddable":true,"href":"https:\/\/blogs2.correiobraziliense.com.br\/vicente\/wp-json\/wp\/v2\/comments?post=14401"}],"version-history":[{"count":0,"href":"https:\/\/blogs2.correiobraziliense.com.br\/vicente\/wp-json\/wp\/v2\/posts\/14401\/revisions"}],"wp:featuredmedia":[{"embeddable":true,"href":"https:\/\/blogs2.correiobraziliense.com.br\/vicente\/wp-json\/wp\/v2\/media\/12528"}],"wp:attachment":[{"href":"https:\/\/blogs2.correiobraziliense.com.br\/vicente\/wp-json\/wp\/v2\/media?parent=14401"}],"wp:term":[{"taxonomy":"category","embeddable":true,"href":"https:\/\/blogs2.correiobraziliense.com.br\/vicente\/wp-json\/wp\/v2\/categories?post=14401"},{"taxonomy":"post_tag","embeddable":true,"href":"https:\/\/blogs2.correiobraziliense.com.br\/vicente\/wp-json\/wp\/v2\/tags?post=14401"}],"curies":[{"name":"wp","href":"https:\/\/api.w.org\/{rel}","templated":true}]}}