{"id":1445,"date":"2016-06-15T15:52:04","date_gmt":"2016-06-15T18:52:04","guid":{"rendered":"https:\/\/blogs2.correiobraziliense.com.br\/vicente\/?p=1445"},"modified":"2016-06-15T15:52:04","modified_gmt":"2016-06-15T18:52:04","slug":"venda-de-equipamentos-para-construcao-deve-despencar-50-em-2016","status":"publish","type":"post","link":"https:\/\/blogs2.correiobraziliense.com.br\/vicente\/venda-de-equipamentos-para-construcao-deve-despencar-50-em-2016\/","title":{"rendered":"Venda de equipamentos para constru\u00e7\u00e3o deve despencar 50% em 2016"},"content":{"rendered":"<p>POR ANTONIO TEM\u00d3TEO<\/p>\n<p>&nbsp;<\/p>\n<p>O processo de impeachment \u00e9 acompanhado com lupa pelos investidores que est\u00e3o \u00e1vidos pela retomada da confian\u00e7a e do crescimento econ\u00f4mico. No mercado, os empres\u00e1rios do setor da constru\u00e7\u00e3o civil s\u00e3o os mais interessado na melhora do ambiente econ\u00f4mico e os fabricantes de m\u00e1quinas e equipamentos s\u00e3o os primeiros da fila.<\/p>\n<p>&nbsp;<\/p>\n<p>O presidente da Associa\u00e7\u00e3o Brasileira de Tecnologia para Constru\u00e7\u00e3o e Minera\u00e7\u00e3o (Sobratema), Afonso Mamede, \u00e9 categ\u00f3rico. \u201cEnxergamos uma luz no fim do t\u00fanel e esperamos que ela n\u00e3o apague se o impeachment for barrado\u201d, destacou durante o Construction Summit 2016, realizado em S\u00e3o Paulo (SP). O alerta \u00e9 importante j\u00e1 que a venda de m\u00e1quinas e equipamentos para obras deve despencar 50% em 2016.<\/p>\n<p>&nbsp;<\/p>\n<p>Apesar do momento econ\u00f4mico ruim, o presidente da Sobratema projeta uma retomada nos neg\u00f3cios no pr\u00f3ximo ano. Mamede destacou que o setor da constru\u00e7\u00e3o aguarda ansiosamente as concess\u00f5es dos corredores de exporta\u00e7\u00e3o, sobretudo de ferrovias e portos. Ele comentou que essas obras t\u00eam potencial para gerar empregos e abrir espa\u00e7o para a retomada do crescimento.<\/p>\n<p>&nbsp;<\/p>\n<p>Mas alerta que as taxas de retorno n\u00e3o devem ser impostas pelo governo e os processos licitat\u00f3rios precisam estar adequados a legisla\u00e7\u00e3o vigente para que n\u00e3o haja questionamentos no meio do processo. \u201cCom a nova din\u00e2mica de financiamento, com mudan\u00e7a nas taxas de juros do Banco Nacional do Desenvolvimento Econ\u00f4mico e Social (BNDES), o setor buscar\u00e1 o setor privado, mas precisar\u00e1 contar com a seguran\u00e7a jur\u00eddica necess\u00e1ria para tirar os investimentos do papel\u201d, alertou.<\/p>\n","protected":false},"excerpt":{"rendered":"<p>POR ANTONIO TEM\u00d3TEO &nbsp; O processo de impeachment \u00e9 acompanhado com lupa pelos investidores que est\u00e3o \u00e1vidos pela retomada da confian\u00e7a e do crescimento econ\u00f4mico. No mercado, os empres\u00e1rios do setor da constru\u00e7\u00e3o civil s\u00e3o os mais interessado na melhora do ambiente econ\u00f4mico e os fabricantes de m\u00e1quinas e equipamentos s\u00e3o os primeiros da fila. [&hellip;]<\/p>\n","protected":false},"author":22,"featured_media":0,"comment_status":"open","ping_status":"closed","sticky":false,"template":"","format":"standard","meta":{"wpb_read_more":[],"footnotes":""},"categories":[1],"tags":[257,258,256],"class_list":["post-1445","post","type-post","status-publish","format-standard","hentry","category-sem-categoria","tag-construcao-civil","tag-maquinas-e-equipamentos","tag-sobratema"],"_links":{"self":[{"href":"https:\/\/blogs2.correiobraziliense.com.br\/vicente\/wp-json\/wp\/v2\/posts\/1445","targetHints":{"allow":["GET"]}}],"collection":[{"href":"https:\/\/blogs2.correiobraziliense.com.br\/vicente\/wp-json\/wp\/v2\/posts"}],"about":[{"href":"https:\/\/blogs2.correiobraziliense.com.br\/vicente\/wp-json\/wp\/v2\/types\/post"}],"author":[{"embeddable":true,"href":"https:\/\/blogs2.correiobraziliense.com.br\/vicente\/wp-json\/wp\/v2\/users\/22"}],"replies":[{"embeddable":true,"href":"https:\/\/blogs2.correiobraziliense.com.br\/vicente\/wp-json\/wp\/v2\/comments?post=1445"}],"version-history":[{"count":1,"href":"https:\/\/blogs2.correiobraziliense.com.br\/vicente\/wp-json\/wp\/v2\/posts\/1445\/revisions"}],"predecessor-version":[{"id":1446,"href":"https:\/\/blogs2.correiobraziliense.com.br\/vicente\/wp-json\/wp\/v2\/posts\/1445\/revisions\/1446"}],"wp:attachment":[{"href":"https:\/\/blogs2.correiobraziliense.com.br\/vicente\/wp-json\/wp\/v2\/media?parent=1445"}],"wp:term":[{"taxonomy":"category","embeddable":true,"href":"https:\/\/blogs2.correiobraziliense.com.br\/vicente\/wp-json\/wp\/v2\/categories?post=1445"},{"taxonomy":"post_tag","embeddable":true,"href":"https:\/\/blogs2.correiobraziliense.com.br\/vicente\/wp-json\/wp\/v2\/tags?post=1445"}],"curies":[{"name":"wp","href":"https:\/\/api.w.org\/{rel}","templated":true}]}}