{"id":14511,"date":"2020-06-29T11:06:41","date_gmt":"2020-06-29T14:06:41","guid":{"rendered":"http:\/\/blogs.correiobraziliense.com.br\/vicente\/?p=14511"},"modified":"2020-06-29T11:06:41","modified_gmt":"2020-06-29T14:06:41","slug":"rombo-fiscal-acumulado-salta-mais-de-1-000-e-soma-r-2225-bi","status":"publish","type":"post","link":"https:\/\/blogs2.correiobraziliense.com.br\/vicente\/rombo-fiscal-acumulado-salta-mais-de-1-000-e-soma-r-2225-bi\/","title":{"rendered":"Rombo fiscal acumulado salta mais de 1.000% e soma R$ 222,5 bi"},"content":{"rendered":"<p><span style=\"font-weight: 400\">ROSANA HESSEL<\/span><\/p>\n<p>&nbsp;<\/p>\n<p><span style=\"font-weight: 400\">Diante da forte queda na arrecada\u00e7\u00e3o como consequ\u00eancia da recess\u00e3o profunda que est\u00e1 se formando devido \u00e0 pandemia e ao aumento dos gastos emergenciais do governo, as contas p\u00fablicas d\u00e3o sinais de forte desequil\u00edbrio, com salto do rombo em mais de 1.000% no acumulado do ano e os piores resultados da hist\u00f3ria.<\/span><\/p>\n<p>&nbsp;<\/p>\n<p><span style=\"font-weight: 400\">Conforme dados do Tesouro Nacional divulgados nesta segunda-feira (29\/06), o deficit prim\u00e1rio das contas do governo central, que re\u00fane Tesouro, Previd\u00eancia Social e Banco Central, ficou negativo em R$ 126,6 bilh\u00f5es no m\u00eas de maio, registrando aumento de 761% na compara\u00e7\u00e3o com o mesmo per\u00edodo do ano passado.\u00a0 <\/span><\/p>\n<p>&nbsp;<\/p>\n<p><span style=\"font-weight: 400\">\u00c9 o pior resultado para o m\u00eas da s\u00e9rie hist\u00f3rica iniciada em 1997 e supera o rombo registrado em todo o ano de 2019, de R$ 95 bilh\u00f5es. O saldo negativo em um \u00fanico m\u00eas supera, inclusive, a previs\u00e3o inicial para a meta fiscal deste ano, que previa um deficit prim\u00e1rio de R$ 124,1 bilh\u00f5es.<\/span><\/p>\n<p>&nbsp;<\/p>\n<p><span style=\"font-weight: 400\">No acumulado de janeiro a maio, o deficit prim\u00e1rio somou R$ 222,5 bilh\u00f5es, outro recorde hist\u00f3rico, com salto de 1.171% sobre o registrado no meso per\u00edodo de 2019, em termos nominais. Em 12 meses, o rombo ficou em R$ 300,5 bilh\u00f5es e tamb\u00e9m foi o pior de todos os tempos. Esse dado equivale a 4,1% do Produto Interno Bruto (PIB) e a tend\u00eancia para os pr\u00f3ximos meses, de acordo com o secret\u00e1rio do Tesouro, Mansueto Almeida, \u00e9 que o deficit aumente ainda mais em propor\u00e7\u00e3o ao PIB, podendo superar a previs\u00e3o de 9% do PIB em todo ano de 2020 com a prorroga\u00e7\u00e3o das pol\u00edticas emergenciais que aumentam o gasto p\u00fablico. No mercado, algumas proje\u00e7\u00f5es apontam rombo fiscal de at\u00e9 16% do PIB.<\/span><\/p>\n<p>&nbsp;<\/p>\n<p>Apesar dos recordes negativos, o Tesouro tentou minimizar o resultado ruim ao indicar que o dado de maio foi melhor do que o esperado pelo mercado que, de acordo com a<span style=\"font-weight: 400\">\u00a0mediana das expectativas da pesquisa Prisma Fiscal do Minist\u00e9rio da Economia, indicava um resultado deficit\u00e1rio nas contas p\u00fablicas de R$ 140 bilh\u00f5es. <\/span><\/p>\n<p>&nbsp;<\/p>\n<p><span style=\"font-weight: 400\">&#8220;O d\u00e9ficit de maio \u00e9 explicado, principalmente, pela redu\u00e7\u00e3o significativa na arrecada\u00e7\u00e3o, combinada com o aumento nas despesas do Poder Executivo decorrentes de medidas de combate \u00e0 covid-19 bem como da antecipa\u00e7\u00e3o do pagamento do 13\u00ba de aposentados e pensionistas do Regime Geral de Previd\u00eancia Social (RGPS)&#8221;, informou o Tesouro.\u00a0 Segundo o \u00f3rg\u00e3o, o dado do m\u00eas passado foi\u00a0<\/span>influenciado pela redu\u00e7\u00e3o real de 41,6% na receita l\u00edquida, principalmente, pelo diferimento (adiamento) de R$ 29,9 bilh\u00f5es na arrecada\u00e7\u00e3o de tributos, e pelo crescimento real de 68% na despesa total.<\/p>\n<p>&nbsp;<\/p>\n<p>De acordo com Mansueto, o resultado acumulado poderia ser pior se o governo n\u00e3o tivesse adiado o pagamento de precat\u00f3rios que estavam previstos para este ano, de R$ 20 bilh\u00f5es.\u00a0 &#8220;Esses precat\u00f3rios ainda n\u00e3o foram pagos&#8221;, afirmou.<\/p>\n<p>&nbsp;<\/p>\n<p><strong>Rombo da Previd\u00eancia<\/strong><\/p>\n<p>&nbsp;<\/p>\n<p>Os dados do Tesouro ainda mostram aumento real (descontada a infla\u00e7\u00e3o) de 70,2%, no deficit da Previd\u00eancia Social acumulado de janeiro a maio, para R$ 140,3 bilh\u00f5es.\u00a0 Apenas em maio, o rombo somou R$ 54,3 bilh\u00f5es, dado 257,4% superior ao mesmo per\u00edodo do ano passado.<\/p>\n<p>&nbsp;<\/p>\n<p>O resultado do Banco Central ficou negativo em R$ 332 bilh\u00f5es no acumulado do ano. E o Tesouro Nacional registrou rombo de R$ 81,8 bilh\u00f5es no mesmo per\u00edodo. Em maio, o deficit do BC foi R$ 45 milh\u00f5es e o do Tesouro, de R$ 72,2 bilh\u00f5es, revertendo o saldo positivo de R$ 166 milh\u00f5es computados no quinto m\u00eas de 2019.<\/p>\n<p>&nbsp;<\/p>\n","protected":false},"excerpt":{"rendered":"<p>ROSANA HESSEL &nbsp; Diante da forte queda na arrecada\u00e7\u00e3o como consequ\u00eancia da recess\u00e3o profunda que est\u00e1 se formando devido \u00e0 pandemia e ao aumento dos gastos emergenciais do governo, as contas p\u00fablicas d\u00e3o sinais de forte desequil\u00edbrio, com salto do rombo em mais de 1.000% no acumulado do ano e os piores resultados da hist\u00f3ria. [&hellip;]<\/p>\n","protected":false},"author":22,"featured_media":0,"comment_status":"open","ping_status":"closed","sticky":false,"template":"","format":"standard","meta":{"wpb_read_more":[],"footnotes":""},"categories":[600],"tags":[542,76,2433,3666,181,541,121],"class_list":["post-14511","post","type-post","status-publish","format-standard","hentry","category-economia","tag-contas-publicas","tag-deficit","tag-fiscal","tag-ministerio-da-economia","tag-recorde","tag-rombo","tag-tesouro-nacional"],"_links":{"self":[{"href":"https:\/\/blogs2.correiobraziliense.com.br\/vicente\/wp-json\/wp\/v2\/posts\/14511","targetHints":{"allow":["GET"]}}],"collection":[{"href":"https:\/\/blogs2.correiobraziliense.com.br\/vicente\/wp-json\/wp\/v2\/posts"}],"about":[{"href":"https:\/\/blogs2.correiobraziliense.com.br\/vicente\/wp-json\/wp\/v2\/types\/post"}],"author":[{"embeddable":true,"href":"https:\/\/blogs2.correiobraziliense.com.br\/vicente\/wp-json\/wp\/v2\/users\/22"}],"replies":[{"embeddable":true,"href":"https:\/\/blogs2.correiobraziliense.com.br\/vicente\/wp-json\/wp\/v2\/comments?post=14511"}],"version-history":[{"count":0,"href":"https:\/\/blogs2.correiobraziliense.com.br\/vicente\/wp-json\/wp\/v2\/posts\/14511\/revisions"}],"wp:attachment":[{"href":"https:\/\/blogs2.correiobraziliense.com.br\/vicente\/wp-json\/wp\/v2\/media?parent=14511"}],"wp:term":[{"taxonomy":"category","embeddable":true,"href":"https:\/\/blogs2.correiobraziliense.com.br\/vicente\/wp-json\/wp\/v2\/categories?post=14511"},{"taxonomy":"post_tag","embeddable":true,"href":"https:\/\/blogs2.correiobraziliense.com.br\/vicente\/wp-json\/wp\/v2\/tags?post=14511"}],"curies":[{"name":"wp","href":"https:\/\/api.w.org\/{rel}","templated":true}]}}