{"id":14566,"date":"2020-06-30T15:17:50","date_gmt":"2020-06-30T18:17:50","guid":{"rendered":"http:\/\/blogs.correiobraziliense.com.br\/vicente\/?p=14566"},"modified":"2020-06-30T15:17:50","modified_gmt":"2020-06-30T18:17:50","slug":"anderson-ribeiro-correia-reitor-do-ita-pode-ser-o-substituto-de-decotelli-no-ministerio-da-educacao","status":"publish","type":"post","link":"https:\/\/blogs2.correiobraziliense.com.br\/vicente\/anderson-ribeiro-correia-reitor-do-ita-pode-ser-o-substituto-de-decotelli-no-ministerio-da-educacao\/","title":{"rendered":"Anderson Ribeiro Correia, reitor do ITA, pode ser o substituto de Decotelli no Minist\u00e9rio da Educa\u00e7\u00e3o"},"content":{"rendered":"<h2>Anderson Ribeiro Correia, reitor do Instituto Tecnol\u00f3gico de Aeron\u00e1utica (ITA), est\u00e1 praticamente escolhido como ministro da Educa\u00e7\u00e3o. O nome dele pode ser confirmado ainda nesta ter\u00e7a-feira (30\/06).<\/h2>\n<p>&nbsp;<\/p>\n<p>Carlos Alberto Decotelli, que ocupa a pasta, j\u00e1 entregou a carta de demiss\u00e3o dele ao presidente Jair Bolsonaro. A perman\u00eancia de Decotelli na Educa\u00e7\u00e3o ficou insustent\u00e1vel depois da descoberta uma s\u00e9rie de fraudes no curr\u00edculo dele.<\/p>\n<p>&nbsp;<\/p>\n<p>A nomea\u00e7\u00e3o de Anderson Correia conta com o aval de militares e da ala ideol\u00f3gica do governo. Ele tem um perfil t\u00e9cnico, como se quer no governo, e um curr\u00edculo robusto. Por sinal, todas as informa\u00e7\u00f5es sobre Correia foram checadas para n\u00e3o se repetir a desmoraliza\u00e7\u00e3o de Decotelli.<\/p>\n<p>&nbsp;<\/p>\n<p>Correia, graduado em engenharia, tem passagem pela Ag\u00eancia Nacional de Avia\u00e7\u00e3o Civil (Anac), pela Coordena\u00e7\u00e3o de Aperfei\u00e7oamento de Pessoal de N\u00edvel Superior (Capes), da qual foi presidente, e pelo Conselho Nacional de Desenvolvimento Cient\u00edfico e Tecnol\u00f3gico (CNPq).<\/p>\n<p>&nbsp;<\/p>\n<p>Outros dois nomes citados na lista de cotados para substituir Decotelli s\u00e3o:\u00a0Marcus Vinicius Rodrigues, ex-presidente do\u00a0Instituto Nacional de Estudos e Pesquisas Educacionais An\u00edsio Teixeira (Inep), e Ant\u00f4nio Freitas, pr\u00f3-reitor da Funda\u00e7\u00e3o Getulio Vargas (FGV), que aparecia como orientador do doutorado n\u00e3o realizado por Decotelli..<\/p>\n<p>&nbsp;<\/p>\n<p><strong>Decottelli foi grande decep\u00e7\u00e3o<\/strong><\/p>\n<p>&nbsp;<\/p>\n<p>Decotelli teve a nomea\u00e7\u00e3o publicada no D<em>i\u00e1rio Oficial da Uni\u00e3o (DOU<\/em>), mas ainda n\u00e3o havia tomado posse. A cerim\u00f4nia de posse estava marcada para esta ter\u00e7a-feira, mas acabou suspensa diante das den\u00fancias em s\u00e9rie de fraudes no curr\u00edculo do agora ex-ministro.<\/p>\n<p>&nbsp;<\/p>\n<p>&#8220;Decotelli foi uma grande decep\u00e7\u00e3o&#8221;, diz um integrante do Pal\u00e1cio do Planalto. &#8220;Apostamos todas as fichas nele, por reunir um perfil t\u00e9cnico com bom tr\u00e2nsito em todas as alas do governo&#8221;, acrescenta. &#8220;Erramos feio&#8221;, emenda, diante da decis\u00e3o de Decotelli de pedir demiss\u00e3o.<\/p>\n<p>&nbsp;<\/p>\n<p>Primeiro, Decotelli foi desmentido pela Universidade de Ros\u00e1rio, da Argentina, de que teria feito doutorado l\u00e1. Depois, surgiram as den\u00fancias de pl\u00e1gio na sua tese de mestrado na FGV. Em seguida, descobriu-se que ele tamb\u00e9m n\u00e3o fez p\u00f3s-doutorado na Universidade de Wuppertal, na Alemanha.<\/p>\n<p>&nbsp;<\/p>\n<p>A desmoraliza\u00e7\u00e3o final veio com nota da FGV de que ele n\u00e3o havia sido professor da institui\u00e7\u00e3o. &#8220;Foi tudo uma mentira. Decotelli mentiu para o presidente Bolsonaro, mentiu para todo mundo&#8221;, ressalta o mesmo integrante do Planalto. N\u00e3o havia, portanto, como ele permanecer \u00e0 frente do Minist\u00e9rio da Educa\u00e7\u00e3o.<\/p>\n<p>&nbsp;<\/p>\n<p><em>Bras\u00edlia, 15h17min<\/em><\/p>\n","protected":false},"excerpt":{"rendered":"<p>Anderson Ribeiro Correia, reitor do Instituto Tecnol\u00f3gico de Aeron\u00e1utica (ITA), est\u00e1 praticamente escolhido como ministro da Educa\u00e7\u00e3o. O nome dele pode ser confirmado ainda nesta ter\u00e7a-feira (30\/06). &nbsp; Carlos Alberto Decotelli, que ocupa a pasta, j\u00e1 entregou a carta de demiss\u00e3o dele ao presidente Jair Bolsonaro. A perman\u00eancia de Decotelli na Educa\u00e7\u00e3o ficou insustent\u00e1vel depois [&hellip;]<\/p>\n","protected":false},"author":22,"featured_media":14573,"comment_status":"open","ping_status":"closed","sticky":false,"template":"","format":"standard","meta":{"wpb_read_more":[],"footnotes":""},"categories":[600],"tags":[4702,4703,4704,22,2238,405,4705,1836],"class_list":["post-14566","post","type-post","status-publish","format-standard","has-post-thumbnail","hentry","category-economia","tag-anderson-correia","tag-curriculo","tag-decotelli","tag-demissao","tag-educacao","tag-fraude","tag-ita","tag-ministerio"],"_links":{"self":[{"href":"https:\/\/blogs2.correiobraziliense.com.br\/vicente\/wp-json\/wp\/v2\/posts\/14566","targetHints":{"allow":["GET"]}}],"collection":[{"href":"https:\/\/blogs2.correiobraziliense.com.br\/vicente\/wp-json\/wp\/v2\/posts"}],"about":[{"href":"https:\/\/blogs2.correiobraziliense.com.br\/vicente\/wp-json\/wp\/v2\/types\/post"}],"author":[{"embeddable":true,"href":"https:\/\/blogs2.correiobraziliense.com.br\/vicente\/wp-json\/wp\/v2\/users\/22"}],"replies":[{"embeddable":true,"href":"https:\/\/blogs2.correiobraziliense.com.br\/vicente\/wp-json\/wp\/v2\/comments?post=14566"}],"version-history":[{"count":0,"href":"https:\/\/blogs2.correiobraziliense.com.br\/vicente\/wp-json\/wp\/v2\/posts\/14566\/revisions"}],"wp:featuredmedia":[{"embeddable":true,"href":"https:\/\/blogs2.correiobraziliense.com.br\/vicente\/wp-json\/wp\/v2\/media\/14573"}],"wp:attachment":[{"href":"https:\/\/blogs2.correiobraziliense.com.br\/vicente\/wp-json\/wp\/v2\/media?parent=14566"}],"wp:term":[{"taxonomy":"category","embeddable":true,"href":"https:\/\/blogs2.correiobraziliense.com.br\/vicente\/wp-json\/wp\/v2\/categories?post=14566"},{"taxonomy":"post_tag","embeddable":true,"href":"https:\/\/blogs2.correiobraziliense.com.br\/vicente\/wp-json\/wp\/v2\/tags?post=14566"}],"curies":[{"name":"wp","href":"https:\/\/api.w.org\/{rel}","templated":true}]}}