{"id":1458,"date":"2016-06-16T17:01:29","date_gmt":"2016-06-16T20:01:29","guid":{"rendered":"https:\/\/blogs2.correiobraziliense.com.br\/vicente\/?p=1458"},"modified":"2016-06-16T18:27:26","modified_gmt":"2016-06-16T21:27:26","slug":"rombo-nas-contas-publicas-em-2017-pode-passar-de-r-105-bilhoes","status":"publish","type":"post","link":"https:\/\/blogs2.correiobraziliense.com.br\/vicente\/rombo-nas-contas-publicas-em-2017-pode-passar-de-r-105-bilhoes\/","title":{"rendered":"Rombo nas contas p\u00fablicas em 2017 pode passar de R$ 105 bilh\u00f5es"},"content":{"rendered":"<p>POR ROSANA HESSEL<\/p>\n<p>&nbsp;<\/p>\n<p>N\u00fameros preliminares que circulam entre t\u00e9cnicos da equipe econ\u00f4mica indicam que o rombo das cotas p\u00fablicas pode passar de R$ 105 bilh\u00f5es em 2017, j\u00e1 que o governo n\u00e3o conta mais com a aprova\u00e7\u00e3o da CPMF. O deficit refletir\u00e1 a revis\u00e3o dos par\u00e2metros da Lei de Diretrizes Or\u00e7ament\u00e1rias (LDO) que ser\u00e1 divulgada no fim do m\u00eas. O buraco previsto est\u00e1 em linha com as estimativas do mercado, que defici\u00eancia de R$ 104,8 bilh\u00f5es no caixa.<\/p>\n<p>Se essa previs\u00e3o for confirmada, o pa\u00eds registrar\u00e1, em 2017, o quarto deficit anual consecutivo nas contas p\u00fablicas. O rombo previsto pela LDO neste ano para o governo central (Tesouro Nacional, Banco Central e Previd\u00eancia Social) \u00e9 de at\u00e9 R$ 170,5 bilh\u00f5es. Em 2015, o saldo foi negativo em R$ 117 bilh\u00f5es. E, em 2014, de R$ 20,5 bilh\u00f5es. N\u00e3o por acaso, o Brasil enfrenta a maior crise fiscal da hist\u00f3ria, agravando a recess\u00e3o econ\u00f4mica.<\/p>\n<p>&nbsp;<\/p>\n<p><em>Bras\u00edlia, 17h05min<\/em><\/p>\n","protected":false},"excerpt":{"rendered":"<p>POR ROSANA HESSEL &nbsp; N\u00fameros preliminares que circulam entre t\u00e9cnicos da equipe econ\u00f4mica indicam que o rombo das cotas p\u00fablicas pode passar de R$ 105 bilh\u00f5es em 2017, j\u00e1 que o governo n\u00e3o conta mais com a aprova\u00e7\u00e3o da CPMF. O deficit refletir\u00e1 a revis\u00e3o dos par\u00e2metros da Lei de Diretrizes Or\u00e7ament\u00e1rias (LDO) que ser\u00e1 [&hellip;]<\/p>\n","protected":false},"author":22,"featured_media":0,"comment_status":"open","ping_status":"closed","sticky":false,"template":"","format":"standard","meta":{"wpb_read_more":[],"footnotes":""},"categories":[1],"tags":[],"class_list":["post-1458","post","type-post","status-publish","format-standard","hentry","category-sem-categoria"],"_links":{"self":[{"href":"https:\/\/blogs2.correiobraziliense.com.br\/vicente\/wp-json\/wp\/v2\/posts\/1458","targetHints":{"allow":["GET"]}}],"collection":[{"href":"https:\/\/blogs2.correiobraziliense.com.br\/vicente\/wp-json\/wp\/v2\/posts"}],"about":[{"href":"https:\/\/blogs2.correiobraziliense.com.br\/vicente\/wp-json\/wp\/v2\/types\/post"}],"author":[{"embeddable":true,"href":"https:\/\/blogs2.correiobraziliense.com.br\/vicente\/wp-json\/wp\/v2\/users\/22"}],"replies":[{"embeddable":true,"href":"https:\/\/blogs2.correiobraziliense.com.br\/vicente\/wp-json\/wp\/v2\/comments?post=1458"}],"version-history":[{"count":1,"href":"https:\/\/blogs2.correiobraziliense.com.br\/vicente\/wp-json\/wp\/v2\/posts\/1458\/revisions"}],"predecessor-version":[{"id":1459,"href":"https:\/\/blogs2.correiobraziliense.com.br\/vicente\/wp-json\/wp\/v2\/posts\/1458\/revisions\/1459"}],"wp:attachment":[{"href":"https:\/\/blogs2.correiobraziliense.com.br\/vicente\/wp-json\/wp\/v2\/media?parent=1458"}],"wp:term":[{"taxonomy":"category","embeddable":true,"href":"https:\/\/blogs2.correiobraziliense.com.br\/vicente\/wp-json\/wp\/v2\/categories?post=1458"},{"taxonomy":"post_tag","embeddable":true,"href":"https:\/\/blogs2.correiobraziliense.com.br\/vicente\/wp-json\/wp\/v2\/tags?post=1458"}],"curies":[{"name":"wp","href":"https:\/\/api.w.org\/{rel}","templated":true}]}}