{"id":146,"date":"2015-07-24T00:10:00","date_gmt":"2015-07-24T03:10:00","guid":{"rendered":"https:\/\/blogs2.correiobraziliense.com.br\/vicente\/o_inferno_de_levy\/"},"modified":"2015-07-24T00:10:00","modified_gmt":"2015-07-24T03:10:00","slug":"o_inferno_de_levy","status":"publish","type":"post","link":"https:\/\/blogs2.correiobraziliense.com.br\/vicente\/o_inferno_de_levy\/","title":{"rendered":"O INFERNO DE LEVY"},"content":{"rendered":"\n<p>O ministro da Fazenda, Joaquim Levy, sabe que viver\u00e1 o inferno nos pr\u00f3ximos dias. A decis\u00e3o de reduzir as metas de superavit prim\u00e1rio deste ano e de 2016 e 2017 abriu um flanco que ele n\u00e3o imaginava para os inimigos de dentro do governo que estavam prontos para lhe dar o bote. A meta desse grupo \u00e9 enfraquecer o m\u00e1ximo poss\u00edvel aquele que \u00e9 apontado como um invasor, um estranho no ninho. <\/p>\n<p>Logo na manh\u00e3 de ontem, o ministro fez uma grande varredura nos jornais para ver como a m\u00eddia havia tratado o an\u00fancio do afrouxamento fiscal. Incomodou-se com o que viu, sobretudo com as informa\u00e7\u00f5es atribu\u00eddas a pessoas do Pal\u00e1cio do Planalto de que ele havia perdido a batalha travada com o ministro do Planejamento, Nelson Barbosa, defensor de um superavit m\u00ednimo neste ano. <\/p>\n<p>Levy garante que partiu dele a proposta da meta de 0,15% para este ano, depois de varar madrugadas com sua equipe tentando fechar as contas com a arrecada\u00e7\u00e3o em queda. Seu assessores, inclusive, vinham atuando para convencer as empresas que tinham adiado o pagamento de impostos a retomarem os recolhimentos. Mas se depararam com um quadro dram\u00e1tico: n\u00e3o havia lucro a ser tributado, devido \u00e0 forte retra\u00e7\u00e3o da atividade. <\/p>\n<p>A vers\u00e3o dos inimigos \u00e9 a de que o ministro defendeu, com todas as for\u00e7as, manter em 1,13% do Produto Interno Bruto (PIB), ou pelo menos reduzir o m\u00ednimo poss\u00edvel a economia para o pagamento de juros da d\u00edvida. Na segunda-feira, Levy ficou at\u00e9 as 2h numa conversa com a presidente Dilma Rousseff, da qual teria sa\u00eddo convencido de que a chefe fechara quest\u00e3o em n\u00e3o mexer no superavit agora para sinalizar aos investidores que o compromisso com o ajuste fiscal estava mantido. <\/p>\n<p>A derrota de Levy, por sinal, foi tema de v\u00e1rias conversas ontem no Planalto. Assessores da presidente diziam que o ministro da Fazenda havia ca\u00eddo na real, que o arrocho imposto por ele estava agravando a recess\u00e3o e, pior, fazendo disparar o desemprego. A vis\u00e3o, agora, \u00e9 de que o ministro est\u00e1 come\u00e7ando a vestir o figurino do governo, mesmo que a contragosto.&nbsp;Diga ao povo que fico&nbsp;Apesar das claras demonstra\u00e7\u00f5es de satisfa\u00e7\u00e3o dentro do governo com a redu\u00e7\u00e3o das metas fiscais, dois ministros muito pr\u00f3ximos da presidente Dilma garantem que Levy est\u00e1 firme como uma rocha, com total apoio da chefe. O pr\u00f3prio Levy tamb\u00e9m faz quest\u00e3o de refor\u00e7ar que n\u00e3o h\u00e1 a menor possibilidade de ele deixar o governo, pois acredita que ainda tem muito a contribuir com o pa\u00eds. No entender dele, o prolongamento do ajuste ser\u00e1 bom para a economia, dada a conjuntura atual, pois, al\u00e9m de manter o compromisso com arruma\u00e7\u00e3o das finan\u00e7as do pa\u00eds, trar\u00e1 de volta a transpar\u00eancia que as contas p\u00fablicas perderam nos \u00faltimos anos. <\/p>\n<p>Entre os que circulam no entorno do ministro da Fazenda, h\u00e1 a preocupa\u00e7\u00e3o de mapear todos os focos do fogo amigo disparado contra ele. A percep\u00e7\u00e3o \u00e9 de que o grosso do pelot\u00e3o contr\u00e1rio est\u00e1 no PT, o partido da presidente, que ainda n\u00e3o assimilou o fato de uma pessoa de fora das hostes da legenda, com passagem pelo mercado financeiro, sentar-se na cadeira mais importante da Esplanada dos Minist\u00e9rios. <\/p>\n<p>O descontentamento do PT aumenta porque muitos gostariam que o governo retomasse suas pol\u00edticas populistas para tentar recuperar a popularidade de Dilma, que esta no ch\u00e3o. Na avalia\u00e7\u00e3o de Levy, o melhor que a presidente tem a fazer \u00e9 dar um boa dire\u00e7\u00e3o na economia para que a confian\u00e7a seja restabelecida, as incertezas desapare\u00e7am do horizonte e os investimentos produtivos voltem. <\/p>\n<p>Daqui a 10 dias, quando o Congresso voltar ao trabalho, o ministro ter\u00e1 seu grande teste. Mesmo com o PMDB fragilizado, j\u00e1 que dois de seus principais caciques \u2014 os presidentes da C\u00e2mara, Eduardo Cunha, e do Senado, Renan Calheiros \u2014 foram solapados pela Opera\u00e7\u00e3o Lava-Jato, ele acredita que encontrar\u00e1 espa\u00e7o para aprovar as medidas que garantir\u00e3o parte dos R$ 26,4 bilh\u00f5es que evitar\u00e3o o Brasil de fechar o ano com rombo nas contas. <\/p>\n<p>Desta vez, mais do que gog\u00f3 e promessas, Levy ter\u00e1 que acumular vit\u00f3rias. Desde que assumiu a Fazenda, ele nunca pareceu t\u00e3o fr\u00e1gil aos olhos dos agentes econ\u00f4micos. <\/p>\n<p>Lava-Jato e o PIB&nbsp;\u00bb A Secretaria de Pol\u00edtica Econ\u00f4mica do Minist\u00e9rio da Fazenda fez estudo e constatou que os efeitos da Opera\u00e7\u00e3o Lava-Jato, que desmontou o esquema de corrup\u00e7\u00e3o das empreiteiras na Petrobras, v\u00e3o tirar pelo menos 1 ponto percentual do PIB.&nbsp;No colo do Banco Central&nbsp;\u00bb A redu\u00e7\u00e3o da meta de superavit prim\u00e1rio jogou duas bombas no colo do Banco Central: gastos maiores do governo e alta do d\u00f3lar, ambos fatores inflacion\u00e1rios. <\/p>\n<p>Emergentes rebaixados&nbsp;\u00bb Pelos c\u00e1lculos do banco de investimento Brown Brothers Harriman (BBH), haver\u00e1 uma onda de rebaixamento de pa\u00edses emergentes pelas ag\u00eancias de classifica\u00e7\u00e3o de risco. Al\u00e9m do Brasil, devem perder o grau de investimento a Turquia, a \u00c1frica do Sul e a R\u00fassia.&nbsp;Irrita\u00e7\u00e3o de Barbosa&nbsp;\u00bb O motivo ningu\u00e9m sabe, mas o ministro do Planejamento, Nelson Barbosa, saiu bufando do Minist\u00e9rio da Fazenda ontem, depois da reuni\u00e3o do Conselho Monet\u00e1rio Nacional. <\/p>\n<p>Bras\u00edlia, 00h10min   <\/p>\n","protected":false},"excerpt":{"rendered":"<p>O ministro da Fazenda, Joaquim Levy, sabe que viver\u00e1 o inferno nos pr\u00f3ximos dias. A decis\u00e3o de reduzir as metas de superavit prim\u00e1rio deste ano e de 2016 e 2017 abriu um flanco que ele n\u00e3o imaginava para os inimigos de dentro do governo que estavam prontos para lhe dar o bote. A meta desse [&hellip;]<\/p>\n","protected":false},"author":22,"featured_media":0,"comment_status":"open","ping_status":"open","sticky":false,"template":"","format":"standard","meta":{"wpb_read_more":[],"footnotes":""},"categories":[1],"tags":[],"class_list":["post-146","post","type-post","status-publish","format-standard","hentry","category-sem-categoria"],"_links":{"self":[{"href":"https:\/\/blogs2.correiobraziliense.com.br\/vicente\/wp-json\/wp\/v2\/posts\/146","targetHints":{"allow":["GET"]}}],"collection":[{"href":"https:\/\/blogs2.correiobraziliense.com.br\/vicente\/wp-json\/wp\/v2\/posts"}],"about":[{"href":"https:\/\/blogs2.correiobraziliense.com.br\/vicente\/wp-json\/wp\/v2\/types\/post"}],"author":[{"embeddable":true,"href":"https:\/\/blogs2.correiobraziliense.com.br\/vicente\/wp-json\/wp\/v2\/users\/22"}],"replies":[{"embeddable":true,"href":"https:\/\/blogs2.correiobraziliense.com.br\/vicente\/wp-json\/wp\/v2\/comments?post=146"}],"version-history":[{"count":0,"href":"https:\/\/blogs2.correiobraziliense.com.br\/vicente\/wp-json\/wp\/v2\/posts\/146\/revisions"}],"wp:attachment":[{"href":"https:\/\/blogs2.correiobraziliense.com.br\/vicente\/wp-json\/wp\/v2\/media?parent=146"}],"wp:term":[{"taxonomy":"category","embeddable":true,"href":"https:\/\/blogs2.correiobraziliense.com.br\/vicente\/wp-json\/wp\/v2\/categories?post=146"},{"taxonomy":"post_tag","embeddable":true,"href":"https:\/\/blogs2.correiobraziliense.com.br\/vicente\/wp-json\/wp\/v2\/tags?post=146"}],"curies":[{"name":"wp","href":"https:\/\/api.w.org\/{rel}","templated":true}]}}