{"id":14603,"date":"2020-07-01T17:27:07","date_gmt":"2020-07-01T20:27:07","guid":{"rendered":"http:\/\/blogs.correiobraziliense.com.br\/vicente\/?p=14603"},"modified":"2020-07-01T17:27:07","modified_gmt":"2020-07-01T20:27:07","slug":"auxilio-emergencial-pode-gerar-ganho-medio-de-246-no-pib","status":"publish","type":"post","link":"https:\/\/blogs2.correiobraziliense.com.br\/vicente\/auxilio-emergencial-pode-gerar-ganho-medio-de-246-no-pib\/","title":{"rendered":"Aux\u00edlio emergencial pode gerar ganho m\u00e9dio de 2,46% no PIB"},"content":{"rendered":"<h2><span style=\"font-weight: 400\">ROSANA HESSEL<\/span><\/h2>\n<h2><\/h2>\n<h2><span style=\"font-weight: 400\">O aux\u00edlio emergencial de R$ 600, destinado \u00e0 popula\u00e7\u00e3o mais vulner\u00e1vel e que teve perda de renda com a crise provocada pela pandemia de covid-19 e que foi prorrogado por mais dois meses, deve contribuir para um ganho m\u00e9dio de 2,46% no Produto Interno Bruto (PIB) nominal com o pagamento de cinco parcelas, o equivalente a R$ 178,6 bilh\u00f5es.\u00a0\u00a0<\/span><\/h2>\n<h2><\/h2>\n<p><span style=\"font-weight: 400\">Essa \u00e1 uma das conclus\u00f5es do \u201cEstudo de Avalia\u00e7\u00e3o da Renda B\u00e1sica Emergencial: Aspectos de Focaliza\u00e7\u00e3o e Efic\u00e1cia do Programa\u201d, realizado pelos economistas Ecio Costa, professor da Universidade Federal e Pernambuco (UFPE) e Marcelo Freire, gerente de Desenvolvimento Econ\u00f4mico da Secretaria de Desenvolvimento Econ\u00f4mico do Estado de Pernambuco (SDEC-PE). Antes, a expectativa de ganho nacional no PIB era de 1,5% com as tr\u00eas parcelas do aux\u00edlio.<\/span><\/p>\n<p>&nbsp;<\/p>\n<p><span style=\"font-weight: 400\">\u201cO benef\u00edcio vai ajudar a minimizar o impacto da crise provocada pela covid-19 no PIB brasileiro. E o mais interessante \u00e9 que o programa tem maior efic\u00e1cia nas regi\u00f5es mais pobres do pa\u00eds\u201d, destacou o economista Ecio Costa, em entrevista ao <strong>Blog<\/strong>. Ele contou que o estudo levou em considera\u00e7\u00e3o as vari\u00e1veis do PIB, do IDH (\u00cdndice de Desenvolvimento Humano) e de outros indicadores socioecon\u00f4micos.<\/span><\/p>\n<p>&nbsp;<\/p>\n<p><span style=\"font-weight: 400\">Costa destacou que as regi\u00f5es Norte e Nordeste s\u00e3o as mais beneficiadas pelo aux\u00edlio emergencial, onde que devem ser o destino de 38,28% dos recursos estimados pelo estudo. Os estados dessas duas regi\u00f5es\u00a0 possuem, em m\u00e9dia, 51% dos benefici\u00e1rios do programa oriundos do Bolsa Fam\u00edlia, com Piau\u00ed e Maranh\u00e3o com as maiores taxa, de 58,4% e de 57,7%, respectivamente.\u00a0<\/span><\/p>\n<p>&nbsp;<\/p>\n<p><span style=\"font-weight: 400\">Ali\u00e1s, o Maranh\u00e3o \u00e9 o estado que lidera a lista de ganhos de com o aux\u00edlio emergencial no PIB, que passar\u00e1 de 5,1%, com tr\u00eas parcelas, para 8,55%, conforme o levantamento. J\u00e1 o<\/span>\u00a0Distrito Federal, que possui a maior renda per capita do pa\u00eds, ficou na lanterna do impacto do aux\u00edlio emergencial no PIB, de 0,67%. Antes, esse percentual era de 0,4%, com as estimativas de apenas tr\u00eas parcelas.<\/p>\n<p>&nbsp;<\/p>\n<p><span style=\"font-weight: 400\">Vale lembrar que o valor m\u00e9dio do Bolsa Familia pagava era de R$ 191 e, com a migra\u00e7\u00e3o para o programa do aux\u00edlio emergencial, o benef\u00edcio passou para R$ 600. Isso significa um salto m\u00e9dio de 214,1% na renda, que acaba refletindo em maior poder de consumo dessas fam\u00edlias. &#8220;O dinheiro est\u00e1 circulando nas cidades mais pobres do Norte e do Nordeste, o que \u00e9 positivo&#8221;, disse Costa.<\/span><\/p>\n<p>&nbsp;<\/p>\n<p>Conforme dados do Minist\u00e9rio da Economia, o pagamento de mais duas parcelas de R$ 600, devem impactar em R$ 100 bilh\u00f5es em gastos adicionais da Uni\u00e3o, devendo elevar o custo do programa para mais de R$ 250 bilh\u00f5es.<\/p>\n<p>&nbsp;<\/p>\n<p>Os dados mais recentes da Caixa mostram que foram creditados R$ 108,1 bilh\u00f5es para 64,7 milh\u00f5es de benefici\u00e1rios cadastrados. Costa evitou comentar os dados de fraudes no programa. &#8220;O impacto est\u00e1 sendo mais positivo do que negativo&#8221;, destacou.<\/p>\n<p>&nbsp;<\/p>\n<p>O estudo ainda mostra que um aumento de 1% no peso da renda emergencial sobre o PIB implica em melhora de 7,1% do IDH regional. &#8220;Al\u00e9m de ajudar a evitar uma queda no PIB, o aux\u00edlio tamb\u00e9m tem impacto positivo na redu\u00e7\u00e3o da desigualdade&#8221;, pontuou o professor da UFPE.<\/p>\n<p>&nbsp;<\/p>\n<p>O economista chamou\u00a0 aten\u00e7\u00e3o para o fato de que cerca de quase 3 milh\u00f5es dos benefici\u00e1rios n\u00e3o possu\u00edrem acesso \u00e0s ag\u00eancias ou lot\u00e9ricas para receberem os benef\u00edcios. &#8220;Essas pessoas precisam se deslocar a outras cidades para sacarem o dinheiro. Por conta disso, \u00e9 importante que o governo melhore as formas de acesso ao recurso, como agilizar a abrang\u00eancia de programas que permitam o saque em estabelecimentos comerciais&#8221;, destacou.<\/p>\n<p>&nbsp;<\/p>\n<p>De acordo com o professor da UFPE, apesar do impacto positivo da renda emergencial no PIB, uma retra\u00e7\u00e3o da economia mais forte n\u00e3o ser\u00e1 evitada. Para ele, em vez das proje\u00e7\u00f5es mais pessimistas de queda de 9,1%, como a do Fundo Monet\u00e1rio Internacional (FMI), o tombo poder\u00e1 ficar pr\u00f3ximo da mediana das estimativas do mercado, de 6,54%, computada no boletim Focus, do Banco Central.<\/p>\n<p>&nbsp;<\/p>\n<p>Veja abaixo as estimativas de impacto das cinco parcelas da renda b\u00e1sica emergencial no PIB nominal em cada estado e no DF:<\/p>\n<p>&nbsp;<\/p>\n<p><a href=\"http:\/\/blogs.correiobraziliense.com.br\/vicente\/wp-content\/uploads\/sites\/16\/2020\/07\/WhatsApp-Image-2020-07-01-at-12.24.40.jpeg\"><img loading=\"lazy\" decoding=\"async\" class=\"alignnone size-full wp-image-14604\" src=\"http:\/\/blogs.correiobraziliense.com.br\/vicente\/wp-content\/uploads\/sites\/16\/2020\/07\/WhatsApp-Image-2020-07-01-at-12.24.40.jpeg\" alt=\"\" width=\"560\" height=\"650\" srcset=\"https:\/\/blogs2.correiobraziliense.com.br\/vicente\/wp-content\/uploads\/sites\/16\/2020\/07\/WhatsApp-Image-2020-07-01-at-12.24.40.jpeg 560w, https:\/\/blogs2.correiobraziliense.com.br\/vicente\/wp-content\/uploads\/sites\/16\/2020\/07\/WhatsApp-Image-2020-07-01-at-12.24.40-258x300.jpeg 258w, https:\/\/blogs2.correiobraziliense.com.br\/vicente\/wp-content\/uploads\/sites\/16\/2020\/07\/WhatsApp-Image-2020-07-01-at-12.24.40-550x638.jpeg 550w, https:\/\/blogs2.correiobraziliense.com.br\/vicente\/wp-content\/uploads\/sites\/16\/2020\/07\/WhatsApp-Image-2020-07-01-at-12.24.40-230x267.jpeg 230w\" sizes=\"auto, (max-width: 560px) 100vw, 560px\" \/><\/a><\/p>\n","protected":false},"excerpt":{"rendered":"<p>ROSANA HESSEL O aux\u00edlio emergencial de R$ 600, destinado \u00e0 popula\u00e7\u00e3o mais vulner\u00e1vel e que teve perda de renda com a crise provocada pela pandemia de covid-19 e que foi prorrogado por mais dois meses, deve contribuir para um ganho m\u00e9dio de 2,46% no Produto Interno Bruto (PIB) nominal com o pagamento de cinco parcelas, [&hellip;]<\/p>\n","protected":false},"author":22,"featured_media":0,"comment_status":"open","ping_status":"closed","sticky":false,"template":"","format":"standard","meta":{"wpb_read_more":[],"footnotes":""},"categories":[600],"tags":[4573,58,4707],"class_list":["post-14603","post","type-post","status-publish","format-standard","hentry","category-economia","tag-auxilio-emergencial","tag-pib","tag-ufpe"],"_links":{"self":[{"href":"https:\/\/blogs2.correiobraziliense.com.br\/vicente\/wp-json\/wp\/v2\/posts\/14603","targetHints":{"allow":["GET"]}}],"collection":[{"href":"https:\/\/blogs2.correiobraziliense.com.br\/vicente\/wp-json\/wp\/v2\/posts"}],"about":[{"href":"https:\/\/blogs2.correiobraziliense.com.br\/vicente\/wp-json\/wp\/v2\/types\/post"}],"author":[{"embeddable":true,"href":"https:\/\/blogs2.correiobraziliense.com.br\/vicente\/wp-json\/wp\/v2\/users\/22"}],"replies":[{"embeddable":true,"href":"https:\/\/blogs2.correiobraziliense.com.br\/vicente\/wp-json\/wp\/v2\/comments?post=14603"}],"version-history":[{"count":0,"href":"https:\/\/blogs2.correiobraziliense.com.br\/vicente\/wp-json\/wp\/v2\/posts\/14603\/revisions"}],"wp:attachment":[{"href":"https:\/\/blogs2.correiobraziliense.com.br\/vicente\/wp-json\/wp\/v2\/media?parent=14603"}],"wp:term":[{"taxonomy":"category","embeddable":true,"href":"https:\/\/blogs2.correiobraziliense.com.br\/vicente\/wp-json\/wp\/v2\/categories?post=14603"},{"taxonomy":"post_tag","embeddable":true,"href":"https:\/\/blogs2.correiobraziliense.com.br\/vicente\/wp-json\/wp\/v2\/tags?post=14603"}],"curies":[{"name":"wp","href":"https:\/\/api.w.org\/{rel}","templated":true}]}}