{"id":1461,"date":"2016-06-16T18:57:20","date_gmt":"2016-06-16T21:57:20","guid":{"rendered":"https:\/\/blogs2.correiobraziliense.com.br\/vicente\/?p=1461"},"modified":"2016-06-16T18:58:47","modified_gmt":"2016-06-16T21:58:47","slug":"primeira-reuniao-do-ppi-sera-em-15-dias","status":"publish","type":"post","link":"https:\/\/blogs2.correiobraziliense.com.br\/vicente\/primeira-reuniao-do-ppi-sera-em-15-dias\/","title":{"rendered":"Primeira reuni\u00e3o do PPI ser\u00e1 em 15 dias"},"content":{"rendered":"<p>POR SIMONE KAFRUNI<\/p>\n<p>&nbsp;<\/p>\n<p>A primeira reuni\u00e3o do Conselho do Programa de Parcerias de Investimentos (PPI) ser\u00e1 realizada em 15 dias para definir o primeiro lote de concess\u00f5es do governo de transi\u00e7\u00e3o de Michel Temer, garantiu o secret\u00e1rio executivo do PPI, Moreira Franco. O ministro cancelou sua participa\u00e7\u00e3o do semin\u00e1rio G\u00e1s Natural, realizado ontem pela Confedera\u00e7\u00e3o Nacional da Ind\u00fastria (CNI) e a Associa\u00e7\u00e3o Brasileira de Grandes Consumidores Industriais de Energia e Consumidores Livres (Abrace).<\/p>\n<p>&nbsp;<\/p>\n<p>Na sua conta no Twitter, no entanto, Moreira Franco disse ter \u201cboas not\u00edcias sobre o programa de parcerias. \u201cEm 15 dias reuniremos conselho, presidido por Michel Temer, para liberar o lote de concess\u00f5es. H\u00e1, pelo menos, 13 projetos adiantados em diversas \u00e1reas em que o investimento privado vai ajudar o Brasil a voltar a crescer\u201d, afirmou.<\/p>\n<p>&nbsp;<\/p>\n<p>Os primeiros leil\u00f5es ser\u00e3o os quatro aeroportos \u2014 Porto Alegre, Florian\u00f3polis, Salvador e Bahia \u2014 cujas concess\u00f5es foram iniciadas no governo da presidente afastada, Dilma Rousseff. Os editais devem sair em setembro ou outubro. O primeiro lote de concess\u00f5es tamb\u00e9m deve incluir quatro trechos de rodovias, duas ferrovias e tr\u00eas terminais portu\u00e1rios, dois deles de passageiros (Recife e Fortaleza) e um de movimenta\u00e7\u00e3o de trigo (Rio de Janeiro).<\/p>\n<p>&nbsp;<\/p>\n<p>Representante do PPI presente no evento, Eduardo Parente explicou que ainda \u00e9 necess\u00e1rio resolver projetos rodovi\u00e1rios do governo anterior e citou as BRs 040, 153 e 163. O PPI tamb\u00e9m pretente ampliar para 90 dias o prazo entre a publica\u00e7\u00e3o dos editais e a realiza\u00e7\u00e3o dos leil\u00f5es. Hoje o prazo \u00e9 de 45 dias, no m\u00e1ximo. Isso porque os investidores querem saber com quem v\u00e3o assinar os contratos, se com o governo de transi\u00e7\u00e3o ou com o de Dilma. A medida pretende dar tempo para a decis\u00e3o definitiva sobre o impeachment.<\/p>\n<p>&nbsp;<\/p>\n<p>Bras\u00edlia, 19h00<\/p>\n","protected":false},"excerpt":{"rendered":"<p>POR SIMONE KAFRUNI &nbsp; A primeira reuni\u00e3o do Conselho do Programa de Parcerias de Investimentos (PPI) ser\u00e1 realizada em 15 dias para definir o primeiro lote de concess\u00f5es do governo de transi\u00e7\u00e3o de Michel Temer, garantiu o secret\u00e1rio executivo do PPI, Moreira Franco. O ministro cancelou sua participa\u00e7\u00e3o do semin\u00e1rio G\u00e1s Natural, realizado ontem pela [&hellip;]<\/p>\n","protected":false},"author":22,"featured_media":0,"comment_status":"open","ping_status":"closed","sticky":false,"template":"","format":"standard","meta":{"wpb_read_more":[],"footnotes":""},"categories":[1],"tags":[],"class_list":["post-1461","post","type-post","status-publish","format-standard","hentry","category-sem-categoria"],"_links":{"self":[{"href":"https:\/\/blogs2.correiobraziliense.com.br\/vicente\/wp-json\/wp\/v2\/posts\/1461","targetHints":{"allow":["GET"]}}],"collection":[{"href":"https:\/\/blogs2.correiobraziliense.com.br\/vicente\/wp-json\/wp\/v2\/posts"}],"about":[{"href":"https:\/\/blogs2.correiobraziliense.com.br\/vicente\/wp-json\/wp\/v2\/types\/post"}],"author":[{"embeddable":true,"href":"https:\/\/blogs2.correiobraziliense.com.br\/vicente\/wp-json\/wp\/v2\/users\/22"}],"replies":[{"embeddable":true,"href":"https:\/\/blogs2.correiobraziliense.com.br\/vicente\/wp-json\/wp\/v2\/comments?post=1461"}],"version-history":[{"count":2,"href":"https:\/\/blogs2.correiobraziliense.com.br\/vicente\/wp-json\/wp\/v2\/posts\/1461\/revisions"}],"predecessor-version":[{"id":1463,"href":"https:\/\/blogs2.correiobraziliense.com.br\/vicente\/wp-json\/wp\/v2\/posts\/1461\/revisions\/1463"}],"wp:attachment":[{"href":"https:\/\/blogs2.correiobraziliense.com.br\/vicente\/wp-json\/wp\/v2\/media?parent=1461"}],"wp:term":[{"taxonomy":"category","embeddable":true,"href":"https:\/\/blogs2.correiobraziliense.com.br\/vicente\/wp-json\/wp\/v2\/categories?post=1461"},{"taxonomy":"post_tag","embeddable":true,"href":"https:\/\/blogs2.correiobraziliense.com.br\/vicente\/wp-json\/wp\/v2\/tags?post=1461"}],"curies":[{"name":"wp","href":"https:\/\/api.w.org\/{rel}","templated":true}]}}