{"id":14634,"date":"2020-06-22T09:40:08","date_gmt":"2020-06-22T12:40:08","guid":{"rendered":"http:\/\/blogs.correiobraziliense.com.br\/vicente\/?p=14421"},"modified":"2020-06-22T09:40:08","modified_gmt":"2020-06-22T12:40:08","slug":"com-disseminacao-do-coronavirus-acoes-de-solidariedade-se-multiplicam","status":"publish","type":"post","link":"https:\/\/blogs2.correiobraziliense.com.br\/vicente\/com-disseminacao-do-coronavirus-acoes-de-solidariedade-se-multiplicam\/","title":{"rendered":"Com dissemina\u00e7\u00e3o do coronav\u00edrus, a\u00e7\u00f5es de solidariedade se multiplicam"},"content":{"rendered":"<h2>Com mais de 1 milh\u00e3o de infectados pelo novo coronav\u00edrus e mais de 50 mil mortos no pa\u00eds, as a\u00e7\u00f5es de solidariedade se multiplicam. Cientes do papel social neste momento crucial, empresas e entidades de classe ampliam as doa\u00e7\u00f5es para minimizar os impactos da pandemia.<\/h2>\n<p>&nbsp;<\/p>\n<p>O grupo Reckitt Benckiser (RB) no Brasil, multinacional de bens de consumo para higiene, sa\u00fade e nutri\u00e7\u00e3o, desembolsou R$ 12 milh\u00f5es na distribui\u00e7\u00e3o de produtos de sa\u00fade, higiene e alimentos, al\u00e9m de apoiar financeiramente pessoas em situa\u00e7\u00e3o de vulnerabilidade.<\/p>\n<p>&nbsp;<\/p>\n<p>Para Daniel Torres, gerente-geral da RB Health &amp; Nutrition Comercial, a companhia est\u00e1 sempre buscando maneiras mais eficientes de promover o acesso a itens de primeira necessidade e n\u00e3o poderia ser diferente em um per\u00edodo de pandemia como o que que vivemos. \u201cEstamos presentes em todo o Brasil, e essa \u00e9 a hora de retribuir e reafirmar nosso compromisso de proteger, curar e nutrir os milhares de brasileiros que est\u00e3o passando por momentos delicados\u201d, diz.<\/p>\n<p>&nbsp;<\/p>\n<p>Segundo Paolo D\u2019Orso, vice-presidente s\u00eanior para a Am\u00e9rica Latina da RB Hygiene Comercial, os projetos de a\u00e7\u00e3o social tem muito a ver com os prop\u00f3sitos da companhia. \u201cAs a\u00e7\u00f5es conduzidas pelo Grupo RB em todo mundo neste momento de pandemia est\u00e3o baseadas na nossa luta de tornar o acesso \u00e0 higiene, ao bem-estar e \u00e0 nutri\u00e7\u00e3o de qualidade, um direito e n\u00e3o um privil\u00e9gio. Estamos certos de que a contribui\u00e7\u00e3o das nossas marcas ter\u00e1 um impacto positivo para as fam\u00edlias brasileiras\u201d, afirma.<\/p>\n<p>&nbsp;<\/p>\n<p><strong>Fam\u00edlias vulner\u00e1veis<\/strong><\/p>\n<p>&nbsp;<\/p>\n<p>J\u00e1 a Unigel, uma das maiores ind\u00fastrias qu\u00edmicas e petroqu\u00edmicas do pa\u00eds, doou mais de R$ 1,3 milh\u00e3o em materiais para o combate ao coronav\u00edrus. A empresa distribuiu 13 mil quilos de alimentos e mais de 47 mil quilos de materiais do seu portf\u00f3lio. Foram doadas 200 mil embalagens de isopor para atendimento \u00e0 popula\u00e7\u00e3o vulner\u00e1vel, 6 mil c\u00fapulas de intuba\u00e7\u00e3o para evitar contamina\u00e7\u00e3o dos m\u00e9dicos e mais de 500 mil litros de \u00e1lcool gel. A Unigel tamb\u00e9m doou 2 respiradores para hospitais p\u00fablicos e 1 mil testes de covid-19 para o interior da Bahia.<\/p>\n<p>&nbsp;<\/p>\n<p>A Associa\u00e7\u00e3o Nacional das Corretoras e Distribuidoras de T\u00edtulos e Valores Mobili\u00e1rios, C\u00e2mbio e Mercadorias (Ancord), por sua vez, firmou parceria com o Projeto Arrast\u00e3o para doar alimentos a fam\u00edlias afetadas pela crise causada pela pandemia. Principal entidade do setor de intermedia\u00e7\u00e3o no Brasil, a Ancord representa corretoras e distribuidoras de valores mobili\u00e1rios, c\u00e2mbio, bancos e assets.<\/p>\n<p>&nbsp;<\/p>\n<p>As doa\u00e7\u00f5es s\u00e3o arrecadadas por meio da p\u00e1gina da entidade no projeto, que reverte a quantia em donativos a fam\u00edlias da regi\u00e3o de Campo Limpo e bairros vizinhos, uma das regi\u00f5es mais pobres da capital de S\u00e3o Paulo.<\/p>\n<p>&nbsp;<\/p>\n<p>Os interessados devem preencher o formul\u00e1rio de cadastro e selecionar o valor que pretende doar (R$ 10, R$ 30, R$ 50 ou mais). \u00c9 poss\u00edvel contribuir utilizando duas formas de pagamento: cart\u00e3o de cr\u00e9dito ou boleto banc\u00e1rio. Tamb\u00e9m h\u00e1 op\u00e7\u00e3o de contribuir mensalmente com a campanha.<\/p>\n<p>&nbsp;<\/p>\n<p><em>Bras\u00edlia, 09h40min<\/em><\/p>\n","protected":false},"excerpt":{"rendered":"<p>Com mais de 1 milh\u00e3o de infectados pelo novo coronav\u00edrus e mais de 50 mil mortos no pa\u00eds, as a\u00e7\u00f5es de solidariedade se multiplicam. Cientes do papel social neste momento crucial, empresas e entidades de classe ampliam as doa\u00e7\u00f5es para minimizar os impactos da pandemia. &nbsp; O grupo Reckitt Benckiser (RB) no Brasil, multinacional de [&hellip;]<\/p>\n","protected":false},"author":22,"featured_media":13888,"comment_status":"open","ping_status":"closed","sticky":false,"template":"","format":"standard","meta":{"wpb_read_more":[],"footnotes":""},"categories":[600],"tags":[4419,3785,2342,777,4686],"class_list":["post-14634","post","type-post","status-publish","format-standard","has-post-thumbnail","hentry","category-economia","tag-coronavirus","tag-doacoes","tag-familias","tag-solidariedade","tag-vulneraveis"],"_links":{"self":[{"href":"https:\/\/blogs2.correiobraziliense.com.br\/vicente\/wp-json\/wp\/v2\/posts\/14634","targetHints":{"allow":["GET"]}}],"collection":[{"href":"https:\/\/blogs2.correiobraziliense.com.br\/vicente\/wp-json\/wp\/v2\/posts"}],"about":[{"href":"https:\/\/blogs2.correiobraziliense.com.br\/vicente\/wp-json\/wp\/v2\/types\/post"}],"author":[{"embeddable":true,"href":"https:\/\/blogs2.correiobraziliense.com.br\/vicente\/wp-json\/wp\/v2\/users\/22"}],"replies":[{"embeddable":true,"href":"https:\/\/blogs2.correiobraziliense.com.br\/vicente\/wp-json\/wp\/v2\/comments?post=14634"}],"version-history":[{"count":0,"href":"https:\/\/blogs2.correiobraziliense.com.br\/vicente\/wp-json\/wp\/v2\/posts\/14634\/revisions"}],"wp:featuredmedia":[{"embeddable":true,"href":"https:\/\/blogs2.correiobraziliense.com.br\/vicente\/wp-json\/wp\/v2\/media\/13888"}],"wp:attachment":[{"href":"https:\/\/blogs2.correiobraziliense.com.br\/vicente\/wp-json\/wp\/v2\/media?parent=14634"}],"wp:term":[{"taxonomy":"category","embeddable":true,"href":"https:\/\/blogs2.correiobraziliense.com.br\/vicente\/wp-json\/wp\/v2\/categories?post=14634"},{"taxonomy":"post_tag","embeddable":true,"href":"https:\/\/blogs2.correiobraziliense.com.br\/vicente\/wp-json\/wp\/v2\/tags?post=14634"}],"curies":[{"name":"wp","href":"https:\/\/api.w.org\/{rel}","templated":true}]}}