{"id":14666,"date":"2020-07-08T12:48:44","date_gmt":"2020-07-08T15:48:44","guid":{"rendered":"http:\/\/blogs.correiobraziliense.com.br\/vicente\/?p=14666"},"modified":"2020-07-08T12:48:44","modified_gmt":"2020-07-08T15:48:44","slug":"dados-positivos-do-varejo-embalam-b3-que-encosta-em-100-mil-pontos","status":"publish","type":"post","link":"https:\/\/blogs2.correiobraziliense.com.br\/vicente\/dados-positivos-do-varejo-embalam-b3-que-encosta-em-100-mil-pontos\/","title":{"rendered":"Dados positivos do varejo embalam B3 que encosta em 100 mil pontos"},"content":{"rendered":"<div><\/div>\n<p dir=\"ltr\">ROSANA HESSEL<\/p>\n<p>&nbsp;<\/p>\n<p dir=\"ltr\">Ao contr\u00e1rio da v\u00e9spera, quando operou no vermelho ap\u00f3s a confirma\u00e7\u00e3o de o presidente Jair Bolsonaro testar positivo para a covid91, e encerrou com queda de 1,19%, a Bolsa de Valores de S\u00e3o Paulo (B3) abriu as negocia\u00e7\u00f5es desta quarta-feira (08\/07) em clima mais otimista e voltou a encostar em 100 mil pontos, embalada pelos n\u00fameros positivos do varejo do Instituto Brasileiro de Geografia e Estat\u00edstica (IBGE).<\/p>\n<p dir=\"ltr\">O crescimento 13,9% nas vendas do varejo, entre maio e abril deste ano, ficou acima das previs\u00f5es do mercado financeiro, de 5% a 6%, menos da metade do realizado. Com isso, a Bolsa abriu o preg\u00e3o em alta, mas com bastante volatilidade, chegando a 99,7 mil pontos pouco depois das 11h, mas recuando na sequ\u00eancia para 99,3 mil pontos logo em seguida. Enquanto isso, o d\u00f3lar ca\u00eda pouco e era cotado a R$ 5,38, mesma cota\u00e7\u00e3o da v\u00e9spera, apesar de ter recuado antes para R$ 5,35.<\/p>\n<p dir=\"ltr\">\u201cSem d\u00favida, a Bovespa engata segunda alta da semana com as vendas do varejo bem acima das expectativas do mercado\u201d, destacou o diretor da corretora Mirae Asset, Pablo Spyer. De acordo com o economista, o fato de o ministro da Economia, Paulo Guedes, ter testado negativo tamb\u00e9m contribuiu para esse otimismo. \u201cA Bolsa tinha medo de que o Guedes tamb\u00e9m tivesse pego covid-19\u201d, afirmou ele, justificando o tombo na ter\u00e7a-feira.<\/p>\n<p dir=\"ltr\">Ontem \u00e0 noite, ap\u00f3s um sumi\u00e7o de informa\u00e7\u00f5es do ministro, a assessoria de imprensa do Minist\u00e9rio da Economia informou que Guedes testou negativo, \u201cna semana passada\u201d e que faria novo exame nos pr\u00f3ximos dias.\u00a0 \u201cO ministro n\u00e3o apresenta sintomas da doen\u00e7a. Conforme recomenda\u00e7\u00e3o m\u00e9dica, ele cumprir\u00e1 agenda por meio de videoconfer\u00eancia e far\u00e1 novo exame em quatro dias para assegurar a efic\u00e1cia do resultado\u201d, destacou a nota.<\/p>\n<p dir=\"ltr\">Para o economista Fabio Bentes, da Confedera\u00e7\u00e3o Nacional do Com\u00e9rcio (CNC), os dados do IBGE de hoje mostram que o \u201cfundo do po\u00e7o\u201d ocorrido em abril ficou para tr\u00e1s, mas ainda n\u00e3o muda as proje\u00e7\u00f5es de queda do varejo para este ano, de 6,3%. \u201cMesmo com a alta em maio, o volume de vendas correspondeu ao n\u00edvel observado em dezembro de 2016\u201d, destacou.<\/p>\n<p dir=\"ltr\">As perdas mensais do com\u00e9rcio varejista em rela\u00e7\u00e3o ao per\u00edodo pr\u00e9-pandemia, segundo os dados da CNC, somaram R$ 54,6 bilh\u00f5es em junho, abaixo dos R$ 69,5 bilh\u00f5es de maio. Em abril, esse saldo negativo foi de R$ 77,4 bilh\u00f5es.<\/p>\n<p dir=\"ltr\">O economista-chefe do PNB Paribas, Gustavo Arruda, tamb\u00e9m evita ser muito otimista com rela\u00e7\u00e3o aos dados da Pesquisa Mensal de Com\u00e9rcio (PMC) do IBGE e outros indicadores positivos de maio e de junho, como os da ind\u00fastria, sinalizam que &#8220;o pior j\u00e1 passou&#8221;. Para ele, no entanto, esses dados melhores no segundo trimestre podem ajudar a reduzir o tombo do Produto Interno Bruto (PIB) entre abril e junho que est\u00e1 sendo previsto pelo mercado, \u201cmas direcionam para uma retomada mais lenta a partir do terceiro trimestre\u201d.<\/p>\n<p dir=\"ltr\">O banco franc\u00eas prev\u00ea queda de 7% no PIB deste ano e uma alta de 4%, em 2021. Pelas estimativas da institui\u00e7\u00e3o, o processo de retomada dessa crise provocada pela pandemia ser\u00e1 lento da economia que dever\u00e1 se estender at\u00e9 2022 em v\u00e1rios pa\u00edses, inclusive, o Brasil, segundo Arruda.<\/p>\n","protected":false},"excerpt":{"rendered":"<p>ROSANA HESSEL &nbsp; Ao contr\u00e1rio da v\u00e9spera, quando operou no vermelho ap\u00f3s a confirma\u00e7\u00e3o de o presidente Jair Bolsonaro testar positivo para a covid91, e encerrou com queda de 1,19%, a Bolsa de Valores de S\u00e3o Paulo (B3) abriu as negocia\u00e7\u00f5es desta quarta-feira (08\/07) em clima mais otimista e voltou a encostar em 100 mil [&hellip;]<\/p>\n","protected":false},"author":22,"featured_media":0,"comment_status":"open","ping_status":"closed","sticky":false,"template":"","format":"standard","meta":{"wpb_read_more":[],"footnotes":""},"categories":[600],"tags":[2740,2393,334,2254,4131],"class_list":["post-14666","post","type-post","status-publish","format-standard","hentry","category-economia","tag-b3","tag-bolsa","tag-comercio","tag-mercados","tag-pmc"],"_links":{"self":[{"href":"https:\/\/blogs2.correiobraziliense.com.br\/vicente\/wp-json\/wp\/v2\/posts\/14666","targetHints":{"allow":["GET"]}}],"collection":[{"href":"https:\/\/blogs2.correiobraziliense.com.br\/vicente\/wp-json\/wp\/v2\/posts"}],"about":[{"href":"https:\/\/blogs2.correiobraziliense.com.br\/vicente\/wp-json\/wp\/v2\/types\/post"}],"author":[{"embeddable":true,"href":"https:\/\/blogs2.correiobraziliense.com.br\/vicente\/wp-json\/wp\/v2\/users\/22"}],"replies":[{"embeddable":true,"href":"https:\/\/blogs2.correiobraziliense.com.br\/vicente\/wp-json\/wp\/v2\/comments?post=14666"}],"version-history":[{"count":0,"href":"https:\/\/blogs2.correiobraziliense.com.br\/vicente\/wp-json\/wp\/v2\/posts\/14666\/revisions"}],"wp:attachment":[{"href":"https:\/\/blogs2.correiobraziliense.com.br\/vicente\/wp-json\/wp\/v2\/media?parent=14666"}],"wp:term":[{"taxonomy":"category","embeddable":true,"href":"https:\/\/blogs2.correiobraziliense.com.br\/vicente\/wp-json\/wp\/v2\/categories?post=14666"},{"taxonomy":"post_tag","embeddable":true,"href":"https:\/\/blogs2.correiobraziliense.com.br\/vicente\/wp-json\/wp\/v2\/tags?post=14666"}],"curies":[{"name":"wp","href":"https:\/\/api.w.org\/{rel}","templated":true}]}}