{"id":14686,"date":"2020-07-09T11:01:51","date_gmt":"2020-07-09T14:01:51","guid":{"rendered":"http:\/\/blogs.correiobraziliense.com.br\/vicente\/?p=14686"},"modified":"2020-07-09T11:01:51","modified_gmt":"2020-07-09T14:01:51","slug":"em-24-horas-nove-pessoas-morrem-em-casa-pela-covid-19-no-distrito-federal","status":"publish","type":"post","link":"https:\/\/blogs2.correiobraziliense.com.br\/vicente\/em-24-horas-nove-pessoas-morrem-em-casa-pela-covid-19-no-distrito-federal\/","title":{"rendered":"Em 24 horas, nove pessoas morrem em casa pela covid-19 no Distrito Federal"},"content":{"rendered":"<h2>A decis\u00e3o do governador do Distrito Federal, Ibaneis Rocha, de acatar determina\u00e7\u00e3o da Justi\u00e7a para suspender a flexibiliza\u00e7\u00e3o de v\u00e1rias atividades econ\u00f4micas, foi mais do que acertada. Dados da Secretaria de Sa\u00fade da capital do pa\u00eds mostram que, entre ter\u00e7a e quarta-feiras, nove pessoas morreram em casa vitimadas pela doen\u00e7a.<\/h2>\n<p>&nbsp;<\/p>\n<p>Isso significa dizer que, entre cada 10 mortes registradas em 24 horas no DF, quase tr\u00eas foram em casa, sem atendimento m\u00e9dico. No total, foram computadas 34 mortes no Distrito Federal (o n\u00famero sobre para 38, quando inclu\u00eddas v\u00edtimas de cidades do Entorno) entre ter\u00e7a e quarta-feiras \u00faltimas.<\/p>\n<p>&nbsp;<\/p>\n<p>O n\u00famero de pessoas morrendo em casa, sem atendimento, n\u00e3o est\u00e1 chamando a aten\u00e7\u00e3o apenas no Distrito Federal. Em quatro capitais \u2014 S\u00e3o Paulo, Rio de Janeiro, Manaus e Fortaleza \u2014, os \u00f3bitos em casa aumentam, em m\u00e9dia, 53% entre 15 de mar\u00e7o e 13 de junho. Foram quase 10 mil mortes em domic\u00edlios no per\u00edodo.<\/p>\n<p>&nbsp;<\/p>\n<p>Os dados dessas quatro capitais foram consolidados pelo epidemiologista Jesem Orellana, da Funda\u00e7\u00e3o Oswaldo Cruz (Fiocruz) da Amaz\u00f4nia. As 9.773 mortes neste ano s\u00e3o 53% maiores do que as 6.378 registradas no mesmo per\u00edodo do ano passado.<\/p>\n<p>&nbsp;<\/p>\n<p><strong>Mortes em casa tem a vez com a pobreza<\/strong><\/p>\n<p>&nbsp;<\/p>\n<p>A morte dessas pessoas em casa confirma a falta de planejamento do sistema de sa\u00fade em meio a uma pandemia t\u00e3o s\u00e9ria, como a do novo coronav\u00edrus. E, sobretudo, \u00e0 pobreza. Muitas n\u00e3o tem nem condi\u00e7\u00f5es de se deslocarem at\u00e9 os locais nos quais poderiam receber tratamento.<\/p>\n<p>&nbsp;<\/p>\n<p>Quanto mais permissivos forem governadores e prefeitos com a covid-19, de olho apenas em dividendos eleitorais, maior ser\u00e1 o n\u00famero de mortes em casa pela doen\u00e7a. Na regi\u00e3o Centro-Oeste, particularmente, a situa\u00e7\u00e3o \u00e9 dram\u00e1tica.<\/p>\n<p>&nbsp;<\/p>\n<p>No Mato Grosso, por falta de leitos dispon\u00edveis, infectados pelo novo coronav\u00edrus \u2014 alguns, em estado grave \u2014 est\u00e3o sendo transferidos para outros estados, como Mato Grosso do Sul e Goi\u00e1s, onde a situa\u00e7\u00e3o tamb\u00e9m \u00e9 preocupante, resultado do descaso de governantes e da falta de consci\u00eancia das pessoas.<\/p>\n<p>&nbsp;<\/p>\n<p><em>Bras\u00edlia, 11h01min<\/em><\/p>\n","protected":false},"excerpt":{"rendered":"<p>A decis\u00e3o do governador do Distrito Federal, Ibaneis Rocha, de acatar determina\u00e7\u00e3o da Justi\u00e7a para suspender a flexibiliza\u00e7\u00e3o de v\u00e1rias atividades econ\u00f4micas, foi mais do que acertada. Dados da Secretaria de Sa\u00fade da capital do pa\u00eds mostram que, entre ter\u00e7a e quarta-feiras, nove pessoas morreram em casa vitimadas pela doen\u00e7a. &nbsp; Isso significa dizer que, [&hellip;]<\/p>\n","protected":false},"author":22,"featured_media":13413,"comment_status":"open","ping_status":"closed","sticky":false,"template":"","format":"standard","meta":{"wpb_read_more":[],"footnotes":""},"categories":[600],"tags":[4419,4505,755,4716,4717,282,4577,2353,579],"class_list":["post-14686","post","type-post","status-publish","format-standard","has-post-thumbnail","hentry","category-economia","tag-coronavirus","tag-covid-19","tag-distrito-federal","tag-em-casa","tag-ibaneis-rocha","tag-justica","tag-mortes","tag-pobreza","tag-saude"],"_links":{"self":[{"href":"https:\/\/blogs2.correiobraziliense.com.br\/vicente\/wp-json\/wp\/v2\/posts\/14686","targetHints":{"allow":["GET"]}}],"collection":[{"href":"https:\/\/blogs2.correiobraziliense.com.br\/vicente\/wp-json\/wp\/v2\/posts"}],"about":[{"href":"https:\/\/blogs2.correiobraziliense.com.br\/vicente\/wp-json\/wp\/v2\/types\/post"}],"author":[{"embeddable":true,"href":"https:\/\/blogs2.correiobraziliense.com.br\/vicente\/wp-json\/wp\/v2\/users\/22"}],"replies":[{"embeddable":true,"href":"https:\/\/blogs2.correiobraziliense.com.br\/vicente\/wp-json\/wp\/v2\/comments?post=14686"}],"version-history":[{"count":0,"href":"https:\/\/blogs2.correiobraziliense.com.br\/vicente\/wp-json\/wp\/v2\/posts\/14686\/revisions"}],"wp:featuredmedia":[{"embeddable":true,"href":"https:\/\/blogs2.correiobraziliense.com.br\/vicente\/wp-json\/wp\/v2\/media\/13413"}],"wp:attachment":[{"href":"https:\/\/blogs2.correiobraziliense.com.br\/vicente\/wp-json\/wp\/v2\/media?parent=14686"}],"wp:term":[{"taxonomy":"category","embeddable":true,"href":"https:\/\/blogs2.correiobraziliense.com.br\/vicente\/wp-json\/wp\/v2\/categories?post=14686"},{"taxonomy":"post_tag","embeddable":true,"href":"https:\/\/blogs2.correiobraziliense.com.br\/vicente\/wp-json\/wp\/v2\/tags?post=14686"}],"curies":[{"name":"wp","href":"https:\/\/api.w.org\/{rel}","templated":true}]}}