{"id":14689,"date":"2020-07-09T18:15:57","date_gmt":"2020-07-09T21:15:57","guid":{"rendered":"http:\/\/blogs.correiobraziliense.com.br\/vicente\/?p=14689"},"modified":"2020-07-09T18:15:57","modified_gmt":"2020-07-09T21:15:57","slug":"anvisa-alerta-que-a-ivermectina-nao-tem-eficacia-contra-a-covid-19-e-pode-causar-serios-riscos-a-saude","status":"publish","type":"post","link":"https:\/\/blogs2.correiobraziliense.com.br\/vicente\/anvisa-alerta-que-a-ivermectina-nao-tem-eficacia-contra-a-covid-19-e-pode-causar-serios-riscos-a-saude\/","title":{"rendered":"Anvisa alerta que a ivermectina n\u00e3o tem efic\u00e1cia contra a covid-19 e pode causar s\u00e9rios riscos \u00e0 sa\u00fade"},"content":{"rendered":"<h2>A Ag\u00eancia Nacional de Vigil\u00e2ncia Sanit\u00e1ria (Anvisa) alertou, nesta quinta-feira, sobre os riscos do uso de medicamentos que cont\u00eam ivermectina para o tratamento da covid-19. Segundo o \u00f3rg\u00e3o, n\u00e3o h\u00e1 nenhuma comprova\u00e7\u00e3o cient\u00edfica de que a ivermectina seja eficaz contra o novo coronav\u00edrus.<\/h2>\n<p>&nbsp;<\/p>\n<p>A Anvisa ressalta, por\u00e9m, que h\u00e1 comprova\u00e7\u00f5es se sobra sobre os efeitos colaterais e os riscos \u00e0 sa\u00fade decorrentes do uso do medicamento sem prescri\u00e7\u00e3o m\u00e9dica.\u00a0&#8220;No caso da ivermectina, os principais problemas (eventos adversos) s\u00e3o: diarreia e n\u00e1usea, astenia, dor abdominal, anorexia, constipa\u00e7\u00e3o e v\u00f4mitos; em rela\u00e7\u00e3o ao sistema nervoso central, podem ocorrer tontura, sonol\u00eancia, vertigem e tremor. As rea\u00e7\u00f5es epid\u00e9rmicas incluem prurido, erup\u00e7\u00f5es e urtic\u00e1ria&#8221;, frisa, em nota.<\/p>\n<p>&nbsp;<\/p>\n<p>A ag\u00eancia \u00e9 enf\u00e1tica quando ao uso indiscriminado da ivermectina: &#8220;Ressaltamos que a automedica\u00e7\u00e3o pode representar um grave risco \u00e0 sua sa\u00fade. O\u00a0uso de medicamentos sem orienta\u00e7\u00e3o m\u00e9dica e sem provas de que realmente est\u00e3o indicados para determinada doen\u00e7a traz uma s\u00e9rie de riscos \u00e0 sa\u00fade&#8221;.<\/p>\n<p>&nbsp;<\/p>\n<p>Para a Anvisa, \u00e9 preciso deixar claro que n\u00e3o existem estudos conclusivos que comprovam o uso desse medicamento para o tratamento da covid-19. &#8220;Assim, n\u00e3o h\u00e1 recomenda\u00e7\u00e3o, no momento, para a sua utiliza\u00e7\u00e3o em pacientes infectados ou mesmo como forma de preven\u00e7\u00e3o \u00e0 contamina\u00e7\u00e3o pelo novo coronav\u00edrus&#8221;, frisa.<\/p>\n<p>&nbsp;<\/p>\n<p>No entender do \u00f3rg\u00e3o de fiscaliza\u00e7\u00e3o sanit\u00e1ria, \u00e9 importante ressaltar que, at\u00e9 o momento, n\u00e3o existem medicamentos aprovados para preven\u00e7\u00e3o ou tratamento da covid-19 no Brasil. &#8220;Os medicamentos atualmente aprovados s\u00e3o utilizados para tratamento dos principais sintomas da doen\u00e7a, como antit\u00e9rmicos e analg\u00e9sicos. Para casos em que h\u00e1 infec\u00e7\u00f5es associadas, recomenda-se usar agentes antimicrobianos (antibi\u00f3ticos)&#8221;, esclarece.<\/p>\n<p>&nbsp;<\/p>\n<p><strong>Ivermectina \u00e9 antiparasit\u00e1rio<\/strong><\/p>\n<p>&nbsp;<\/p>\n<p>A Anvisa ressalta que a ivermectina \u00e9 um agente antiparasit\u00e1rio aprovado em 1999, que, nos \u00faltimos anos, demonstrou ter atividade antiviral in vitro contra uma ampla gama de v\u00edrus. Lembra que,\u00a0at\u00e9 o momento, existem 26 estudos cl\u00ednicos propostos para avaliar a efic\u00e1cia desse produto, tanto com propostas de atua\u00e7\u00e3o na preven\u00e7\u00e3o quanto no tratamento da covid-19.<\/p>\n<p>&nbsp;<\/p>\n<p>&#8220;Mas n\u00e3o existem, ainda, resultados conclusivos sobre a efic\u00e1cia da ivermectina no combate \u00e0 covid-19. Tamb\u00e9m n\u00e3o existem dados que indiquem qual seria a dose, posologia ou dura\u00e7\u00e3o de uso adequada para impedir a contamina\u00e7\u00e3o ou reduzir a chance de gravidade da doen\u00e7a&#8221;. Mais: os resultados encontrados in vitro n\u00e3o podem ser tomados como verdadeiros in vivo.<\/p>\n<p>&nbsp;<\/p>\n<p>No Brasil, ressalta a Anvisa, apenas um estudo foi localizado, realizado pela Universidade Federal de S\u00e3o Carlos (UFSCar), com previs\u00e3o para conclus\u00e3o em julho de 2021. &#8220;Trata-se de um estudo acad\u00eamico, que n\u00e3o passou pelo procedimento de anu\u00eancia da ag\u00eancia&#8221;, informa.<\/p>\n<p>&nbsp;<\/p>\n<p>Segundo a Anvisa, em regra, para que novas indica\u00e7\u00f5es terap\u00eauticas sejam inclu\u00eddas nas bulas dos medicamentos, \u00e9 necess\u00e1ria a demonstra\u00e7\u00e3o de seguran\u00e7a e efic\u00e1cia por meio de estudos cl\u00ednicos com n\u00famero representativo de participantes. &#8220;No caso da ivermectina, contudo, os estudos dispon\u00edveis acerca da sua efic\u00e1cia no tratamento da Covid-19 ainda n\u00e3o s\u00e3o conclusivos.&#8221;<\/p>\n<p>&nbsp;<\/p>\n<p>A ivermectina \u00e9 indicada para o tratamento de v\u00e1rias condi\u00e7\u00f5es causadas por vermes ou parasitas.<\/p>\n<p>&nbsp;<\/p>\n<p><em>Bras\u00edlia, 18h15min<\/em><\/p>\n","protected":false},"excerpt":{"rendered":"<p>A Ag\u00eancia Nacional de Vigil\u00e2ncia Sanit\u00e1ria (Anvisa) alertou, nesta quinta-feira, sobre os riscos do uso de medicamentos que cont\u00eam ivermectina para o tratamento da covid-19. Segundo o \u00f3rg\u00e3o, n\u00e3o h\u00e1 nenhuma comprova\u00e7\u00e3o cient\u00edfica de que a ivermectina seja eficaz contra o novo coronav\u00edrus. &nbsp; A Anvisa ressalta, por\u00e9m, que h\u00e1 comprova\u00e7\u00f5es se sobra sobre os [&hellip;]<\/p>\n","protected":false},"author":22,"featured_media":13888,"comment_status":"open","ping_status":"closed","sticky":false,"template":"","format":"standard","meta":{"wpb_read_more":[],"footnotes":""},"categories":[600],"tags":[4514,4505,4718,4661,2853,579],"class_list":["post-14689","post","type-post","status-publish","format-standard","has-post-thumbnail","hentry","category-economia","tag-anvisa","tag-covid-19","tag-ivermectina","tag-novo-coronavirus","tag-riscos","tag-saude"],"_links":{"self":[{"href":"https:\/\/blogs2.correiobraziliense.com.br\/vicente\/wp-json\/wp\/v2\/posts\/14689","targetHints":{"allow":["GET"]}}],"collection":[{"href":"https:\/\/blogs2.correiobraziliense.com.br\/vicente\/wp-json\/wp\/v2\/posts"}],"about":[{"href":"https:\/\/blogs2.correiobraziliense.com.br\/vicente\/wp-json\/wp\/v2\/types\/post"}],"author":[{"embeddable":true,"href":"https:\/\/blogs2.correiobraziliense.com.br\/vicente\/wp-json\/wp\/v2\/users\/22"}],"replies":[{"embeddable":true,"href":"https:\/\/blogs2.correiobraziliense.com.br\/vicente\/wp-json\/wp\/v2\/comments?post=14689"}],"version-history":[{"count":0,"href":"https:\/\/blogs2.correiobraziliense.com.br\/vicente\/wp-json\/wp\/v2\/posts\/14689\/revisions"}],"wp:featuredmedia":[{"embeddable":true,"href":"https:\/\/blogs2.correiobraziliense.com.br\/vicente\/wp-json\/wp\/v2\/media\/13888"}],"wp:attachment":[{"href":"https:\/\/blogs2.correiobraziliense.com.br\/vicente\/wp-json\/wp\/v2\/media?parent=14689"}],"wp:term":[{"taxonomy":"category","embeddable":true,"href":"https:\/\/blogs2.correiobraziliense.com.br\/vicente\/wp-json\/wp\/v2\/categories?post=14689"},{"taxonomy":"post_tag","embeddable":true,"href":"https:\/\/blogs2.correiobraziliense.com.br\/vicente\/wp-json\/wp\/v2\/tags?post=14689"}],"curies":[{"name":"wp","href":"https:\/\/api.w.org\/{rel}","templated":true}]}}