{"id":14698,"date":"2020-07-10T11:18:42","date_gmt":"2020-07-10T14:18:42","guid":{"rendered":"http:\/\/blogs.correiobraziliense.com.br\/vicente\/?p=14698"},"modified":"2020-07-10T11:18:42","modified_gmt":"2020-07-10T14:18:42","slug":"bolsa-abre-dia-operando-no-vermelho-mas-registra-forte-oscilacao","status":"publish","type":"post","link":"https:\/\/blogs2.correiobraziliense.com.br\/vicente\/bolsa-abre-dia-operando-no-vermelho-mas-registra-forte-oscilacao\/","title":{"rendered":"Bolsa abre dia operando no vermelho, mas registra forte oscila\u00e7\u00e3o"},"content":{"rendered":"<p><span style=\"font-weight: 400\">ROSANA HESSEL<\/span><\/p>\n<p>&nbsp;<\/p>\n<p><span style=\"font-weight: 400\">A Bolsa de Valores de S\u00e3o Paulo (B3) abriu o preg\u00e3o desta sexta-feira (10\/07) em queda, dando sinais de forte oscila\u00e7\u00e3o ao longo do dia, ap\u00f3s o Instituto Brasileiro de Geografia e Estat\u00edstica (IBGE) divulgar queda de 0,9% no setor de servi\u00e7os e dados de infla\u00e7\u00e3o menores do que o esperado pelo mercado.\u00a0\u00a0<\/span><\/p>\n<p>&nbsp;<\/p>\n<p><span style=\"font-weight: 400\">Em menos de uma hora de preg\u00e3o, o \u00cdndice Bovespa, principal indicador da B3, conseguiu inverter o sinal, acompanhando as\u00a0<\/span><span style=\"font-weight: 400\">bolsas europeias que est\u00e3o operando no azul. Contudo, o Ibovespa chegou a ficar abaixo de 99 mil pontos v\u00e1rias vezes, confirmando que poder\u00e1 oscilar bastante ao longo do dia.\u00a0<\/span><\/p>\n<p>&nbsp;<\/p>\n<p>Por, enquanto, entre os destaques de alta da B3 estavam a ViaVarejo, com valoriza\u00e7\u00e3o de 7,2%. A CVC Brasil subia subia 1,31% e os pap\u00e9is da Cogna avan\u00e7avam 1,57%, por volta das 10h40. \u00c0s 11h, o Ibovespa estava em 99.395 pontos, com alta de 0,24%. J\u00e1 o d\u00f3lar comercial estava mais ou menos est\u00e1vel, cotado a R$ 5,342.<\/p>\n<p>&nbsp;<\/p>\n<p>&#8220;Todo dia, a cada dia, buscam-se justificativas as mais diversas, oriundas localmente ou no exterior, para justificar a const\u00e2ncia das muta\u00e7\u00f5es nos comportamentos do v\u00e1rios indicativos de pre\u00e7os e taxas dos segmentos do mercado financeiro, sem contudo encontrar-se razo\u00e1veis fundamentos&#8221;, avalia o economista Sidnei Nehme, da NGO Corretora. &#8220;<u><\/u>A certeza mais convincente \u00e9 de que n\u00e3o h\u00e1 condi\u00e7\u00f5es para se ter certezas neste ambiente global que envolve tantas inseguran\u00e7as e riscos para os quais n\u00e3o se consegue construir um ant\u00eddoto, e, a convic\u00e7\u00e3o absoluta \u00e9 de que a solu\u00e7\u00e3o do problema central, o coronav\u00edrus, s\u00f3 vir\u00e1 com a descoberta efetiva de uma vacina comprovadamente eficaz&#8221;, emendou.<\/p>\n<p>&nbsp;<\/p>\n<p><span style=\"font-weight: 400\">Em Nova York, a Nasdaq, a bolsa das empresas de tecnologia registra queda ap\u00f3s ter registrado m\u00e1ximas nos \u00faltimos dias. J\u00e1 os \u00edndices Dow Jones e S&amp;P 500 registravam leve alta. As bolsas asi\u00e1ticas, por sua vez, fecharam no vermelho, com a de Xangai caindo 2,5% e liderando as perdas.<\/span><\/p>\n<p>&nbsp;<\/p>\n<p>De acordo com uma fonte do mercado financeiro, essa tend\u00eancia de forte volatilidade na B3 est\u00e1 mantida, especialmente, porque os operadores continuam preocupados com o estado de sa\u00fade do ministro da Economia, Paulo Guedes. O chefe da equipe econ\u00f4mica cancelou os compromissos com os setor privado hoje e manteve na agenda apenas reuni\u00f5es com t\u00e9cnicos da pasta, por videoconfer\u00eancia. Enquanto isso, o sil\u00eancio no minist\u00e9rio sobre o real estado de sa\u00fade de Guedes permanece.<\/p>\n<p>&nbsp;<\/p>\n<p>Quando o presidente Jair Bolsonaro confirmou que testou positivo para a covid-19, no \u00faltimo dia 7, a assessoria do Minist\u00e9rio da Economia s\u00f3 informou que o ministro tinha testado negativo &#8220;na semana passada&#8221; e que faria novo teste &#8220;nos pr\u00f3ximos dias&#8221;, apenas depois do fechamento dos mercados.<\/p>\n<p>&nbsp;<\/p>\n<div class=\"row justify-content-center\">\n<div class=\"container-ads-content RETANGULO_AF\"><strong>Indicadores<\/strong><\/div>\n<\/div>\n<p>&nbsp;<\/p>\n<p><span style=\"font-weight: 400\">Os n\u00fameros do IBGE de hoje mostraram queda de 0,9% no setor de servi\u00e7os no m\u00eas de maio, na compara\u00e7\u00e3o com abril. Foi a quarta queda consecutiva. Em rela\u00e7\u00e3o ao mesmo intervalo de 2019, o tombo foi de 19,5%, o maior da s\u00e9rie hist\u00f3rica.\u00a0 O segmento \u00e9 de grande import\u00e2ncia na composi\u00e7\u00e3o dos dados do Produto Interno Bruto (PIB), pois tem um peso em torno de 70%.\u00a0 <\/span><\/p>\n<p>&nbsp;<\/p>\n<p><span style=\"font-weight: 400\">&#8220;O resultado de servi\u00e7os n\u00e3o pesa negativamente nas nossas proje\u00e7\u00f5es. Houve v\u00e1rios outros indicadores de maio vindo melhor do que o esperado, e que, no total, o tom segue o mesmo e n\u00e3o piorou com os dados de hoje&#8221;, disse um analista de um grande banco de investimento.<\/span><\/p>\n<p>&nbsp;<\/p>\n<p><span style=\"font-weight: 400\">Os dados do IBGE desta semana indicaram melhora acima do esperado pelo mercado na ind\u00fastria e no com\u00e9rcio varejista, outros dois indicadores do PIB. Para analistas, a composi\u00e7\u00e3o dos dados de servi\u00e7os deve trazer um carrego negativo para os dados do segundo trimestre, de 0,1 ponto percentual.<\/span><\/p>\n<p>&nbsp;<\/p>\n<p><span style=\"font-weight: 400\">Enquanto isso, a infla\u00e7\u00e3o oficial de junho medida pelo \u00cdndice de Pre\u00e7os ao Consumidor Amplo (IPCA) registrou alta de 0,26%, ficando levemente abaixo do esperado pelo mercado, de 0,30%. Esse resultado do IPCA deixou as taxas dos t\u00edtulos p\u00fablicos negociados via Tesouro Direto sem uma dire\u00e7\u00e3o clara, segundo operadores.\u00a0<\/span><\/p>\n","protected":false},"excerpt":{"rendered":"<p>ROSANA HESSEL &nbsp; A Bolsa de Valores de S\u00e3o Paulo (B3) abriu o preg\u00e3o desta sexta-feira (10\/07) em queda, dando sinais de forte oscila\u00e7\u00e3o ao longo do dia, ap\u00f3s o Instituto Brasileiro de Geografia e Estat\u00edstica (IBGE) divulgar queda de 0,9% no setor de servi\u00e7os e dados de infla\u00e7\u00e3o menores do que o esperado pelo [&hellip;]<\/p>\n","protected":false},"author":22,"featured_media":0,"comment_status":"open","ping_status":"closed","sticky":false,"template":"","format":"standard","meta":{"wpb_read_more":[],"footnotes":""},"categories":[600],"tags":[2740,2393,343,589,4720,3613],"class_list":["post-14698","post","type-post","status-publish","format-standard","hentry","category-economia","tag-b3","tag-bolsa","tag-dolar","tag-economia","tag-indicadores","tag-paulo-guedes"],"_links":{"self":[{"href":"https:\/\/blogs2.correiobraziliense.com.br\/vicente\/wp-json\/wp\/v2\/posts\/14698","targetHints":{"allow":["GET"]}}],"collection":[{"href":"https:\/\/blogs2.correiobraziliense.com.br\/vicente\/wp-json\/wp\/v2\/posts"}],"about":[{"href":"https:\/\/blogs2.correiobraziliense.com.br\/vicente\/wp-json\/wp\/v2\/types\/post"}],"author":[{"embeddable":true,"href":"https:\/\/blogs2.correiobraziliense.com.br\/vicente\/wp-json\/wp\/v2\/users\/22"}],"replies":[{"embeddable":true,"href":"https:\/\/blogs2.correiobraziliense.com.br\/vicente\/wp-json\/wp\/v2\/comments?post=14698"}],"version-history":[{"count":0,"href":"https:\/\/blogs2.correiobraziliense.com.br\/vicente\/wp-json\/wp\/v2\/posts\/14698\/revisions"}],"wp:attachment":[{"href":"https:\/\/blogs2.correiobraziliense.com.br\/vicente\/wp-json\/wp\/v2\/media?parent=14698"}],"wp:term":[{"taxonomy":"category","embeddable":true,"href":"https:\/\/blogs2.correiobraziliense.com.br\/vicente\/wp-json\/wp\/v2\/categories?post=14698"},{"taxonomy":"post_tag","embeddable":true,"href":"https:\/\/blogs2.correiobraziliense.com.br\/vicente\/wp-json\/wp\/v2\/tags?post=14698"}],"curies":[{"name":"wp","href":"https:\/\/api.w.org\/{rel}","templated":true}]}}